{"id":896496,"date":"2025-12-18T14:24:58","date_gmt":"2025-12-18T13:24:58","guid":{"rendered":"https:\/\/www.makoiertektar.hu\/?p=896496"},"modified":"2025-12-18T14:24:58","modified_gmt":"2025-12-18T13:24:58","slug":"levai-imre-piarista-szerzetes","status":"publish","type":"post","link":"https:\/\/www.makoiertektar.hu\/?p=896496","title":{"rendered":"L\u00e9vai Imre, piarista szerzetes"},"content":{"rendered":"\n<p>L\u00e9vay Imre eredeti nev\u00e9n Koz\u00e1k Imre 1842. november 10-\u00e9n sz\u00fcletett Mak\u00f3n a Szent Anna utca 1. sz\u00e1m\u00fa n\u00e1df\u00f6deles sarokh\u00e1zban. \u00c9desapja Koz\u00e1k Imre (1809-1858) sz\u0171csmester, 1926-ban vette feles\u00e9g\u00fcl L\u00e9vay Ter\u00e9zt (1809-1884). H\u00e1zass\u00e1gukb\u00f3l h\u00e1rom gyermek sz\u00fcletett, Ter\u00e9z, Kl\u00e1ra \u00e9s Imre.<\/p>\n\n\n\n<p>A fi\u00fa a n\u00e9gy elemit Mak\u00f3n v\u00e9gezte. A v\u00e1ros b\u00e1r megyesz\u00e9khely tov\u00e1bbtanul\u00e1sra nem adott lehet\u0151s\u00e9get. Akinek vagyoni helyzete engedte, Aradra, Temesv\u00e1rra vagy Szegedre k\u00fcldte fi\u00e1t tanulni. Koz\u00e1k Imre azonban helyi 40-45 szeg\u00e9ny mez\u0151v\u00e1rosi sz\u0171csmester k\u00f6z\u00e9 tartozott, egyetlen fi\u00fa gyermek\u00e9t csak saj\u00e1t mesters\u00e9g\u00e9re tan\u00edthatta meg. Mak\u00f3 esperes pl\u00e9b\u00e1nosa Makra Imre felfedezte a fiatal gyermekben rejl\u0151 tehets\u00e9get \u00e9s a sz\u00fcl\u0151ket meggy\u0151zve beaj\u00e1nlotta a temesv\u00e1ri szemin\u00e1riumba.&nbsp; Temesv\u00e1rott az oktat\u00e1s n\u00e9met nyelven folyt. Sz\u00fcnid\u0151 alatt a hazabocs\u00e1tott n\u00f6vend\u00e9kek r\u00e9szletes utas\u00edt\u00e1sokat kaptak \u00e9s a helyi paps\u00e1g ellen\u0151rz\u00e9se al\u00e1 ker\u00fcltek. 1857 nyar\u00e1t \u00dajbeseny\u0151n, egy n\u00e9met csal\u00e1dn\u00e1l t\u00f6lt\u00f6tte. Mih\u00e1lovics J\u00f3zsef \u00fajbeseny\u0151i pl\u00e9b\u00e1nos t\u00e1mogat\u00e1s\u00e1t ki\u00e9rdemelte, akivel majd \u00e9vek m\u00falt\u00e1val bizalmas bar\u00e1ts\u00e1gba ker\u00fclt. A temesv\u00e1ri \u00e9vek alatt N\u00e9meth J\u00f3zsef p\u00fcsp\u00f6ki szertart\u00f3nak szeretett ministr\u00e1nsa volt. Az 1857\/58. tan\u00e9vben megkezdte a gimn\u00e1ziumot. A IV. oszt\u00e1lyban a m\u00e1sodik legjobb tanul\u00f3 volt. 1858. \u0151sz\u00e9n meghalt \u00e9desapja. Ezzel csal\u00e1dja meg\u00e9lhet\u00e9s\u00e9t komoly vesz\u00e9ly fenyegette. El kellett gondolkodnia \u00e9desanyja, n\u0151v\u00e9rei, valamint saj\u00e1t j\u00f6v\u0151j\u00e9r\u0151l. 1861-ben jelentkezett piarist\u00e1nak, hiszen az akkori rendi viszonyok k\u00f6z\u00f6tt anyagi seg\u00edts\u00e9get tudott ny\u00fajtani szeretteinek. Purgstaller J\u00f3zsef provinci\u00e1lis felvette a rendbe \u00e9s 1861. szeptember 16-\u00e1n V\u00e1con \u00f6lt\u00f6ztette be a rend ruh\u00e1j\u00e1ba. El\u0151tt\u00fcnk ismeretlen okb\u00f3l ekkor vette fel \u00e9desanyja nev\u00e9t \u00e9s lett L\u00e9vay Imre.<\/p>\n\n\n\n<p>L\u00e9vay Imre szerzetesi v\u00e9d\u0151szentj\u00e9\u00fcl kalazanci Szent J\u00f3zsefet v\u00e1lasztotta. A piarista rend megalap\u00edt\u00f3ja a szeg\u00e9ny gyermekek oktat\u00e1s\u00e1t \u00e9s az eg\u00e9sz embers\u00e9g nevel\u00e9s\u00e9t t\u0171zte ki c\u00e9lul. 1865. j\u00fanius 5-\u00e9n tette le szerzetesi fogadalm\u00e1t, j\u00fanius 28-\u00e1n \u00e9retts\u00e9gi bizony\u00edtv\u00e1nyt. Az \u00e9retts\u00e9gi ut\u00e1n 1865 \u0151sz\u00e9t\u0151l k\u00e9t \u00e9vig a v\u00e1ci gimn\u00e1ziumban tan\u00edtott \u00e9s k\u00f6zben mag\u00e1n\u00faton elv\u00e9gezte a teol\u00f3gi\u00e1t. 1867-ben \u00e1ldoz\u00f3papp\u00e1 szentelt\u00e9k \u00e9s Pestre helyezt\u00e9k \u00e1t a rend iskol\u00e1j\u00e1ba. 1870\/71. tan\u00e9v sor\u00e1n megszerezte a tan\u00e1ri oklevelet magyar, n\u00e9met, latin, g\u00f6r\u00f6g nyelvb\u0151l \u00e9s irodalomb\u00f3l. Pesten kezdte meg irodalmi munk\u00e1ss\u00e1g\u00e1t. 1874\/75-ben kinevezt\u00e9k a veszpr\u00e9mi rendh\u00e1z f\u0151n\u00f6k\u00e9v\u00e9 \u00e9s a hatoszt\u00e1lyos nagygimn\u00e1zium igazgat\u00f3j\u00e1v\u00e1. L\u00e9vay Imre igazgat\u00f3s\u00e1g\u00e1nak legnagyobb eredm\u00e9nye, hogy siker\u00fclt a hatoszt\u00e1lyos gimn\u00e1ziumb\u00f3l nyolcoszt\u00e1lyos f\u0151gimn\u00e1ziumot l\u00e9trehoznia. Az igazgat\u00f3i teend\u0151k mellett n\u00e9metet, g\u00f6r\u00f6g\u00f6t, hittant \u00e9s hitoktat\u00e1st tan\u00edtott. Fontos feladatot v\u00e1llalt a feln\u0151ttek oktat\u00e1s\u00e1nak \u00fajj\u00e1szervez\u00e9s\u00e9vel. 1886\/87-ben a \u201eT\u00e1rsadalom \u00e9s a Tanul\u00f3 ifj\u00fas\u00e1g\u201d megjelent tanulm\u00e1ny\u00e1ban is arra figyelmeztet, hogy \u201esemmit dr\u00e1g\u00e1bban nem fizet meg az emberis\u00e9g, mint a tudatlans\u00e1got\u201d. 1876. okt\u00f3ber 1-\u00e9n \u00e1tvette a Veszpr\u00e9m c. \u201emegyei hivatalos k\u00f6zl\u00f6ny\u201d \u00e9s vele kapcsolatos Hivatalos \u00c9rtes\u00edt\u0151 szerkeszt\u00e9s\u00e9t. Az \u00fajs\u00e1gcikk publik\u00e1l\u00e1s\u00e1ban nagy seg\u00edts\u00e9g\u00e9re voltak piarista munkat\u00e1rsai. Egy \u00e9v eltelt\u00e9vel m\u00e1r a lap kiad\u00e1s\u00e1val is \u0151 foglalkozott, melynek \u00e9l\u00e9r\u0151l 1880-ban t\u00e1vozott, mivel azt politikai c\u00e9lokra k\u00edv\u00e1nt\u00e1k felhaszn\u00e1lni \u00e9s a tulajdonossal Krausz \u00c1rminnal a zsid\u00f3s\u00e1gr\u00f3l \u00edrt cikke miatt ellent\u00e9tbe ker\u00fclt. 1884-ben megind\u00edtotta \u00faj lapj\u00e1t a Veszpr\u00e9mi K\u00f6zl\u00f6nyt, alc\u00edm\u00e9ben \u201eKatolikus hetilap\u201d-ot. 1887\/88-ban 45 \u00e9vesen a budapesti piarista gimn\u00e1zium \u00e9l\u00e9re ker\u00fclt. Budapesten a piarista rendn\u00e9l konzultor, majd asszisztens volt a tartom\u00e1nyf\u0151n\u00f6ki tan\u00e1csban.&nbsp; \u00c9let\u00e9nek f\u0151 m\u0171ve a katolikus k\u00f6r\u00f6k eszm\u00e9inek megval\u00f3s\u00edt\u00e1sa. Tudta, hogy az els\u0151 katolikus k\u00f6rnek a f\u0151v\u00e1rosban kell megalakulnia, mert csak \u00edgy lesz a mozgalom orsz\u00e1gos jelent\u0151s\u00e9g\u0171. A Budapesti Katolikus K\u00f6r a szervit\u00e1k h\u00e1z\u00e1ban b\u00e9relte helyis\u00e9gek \u00fcnnep\u00e9lyes \u00e1tad\u00e1s\u00e1n a szervita templomban mondott megnyit\u00f3 besz\u00e9d\u00e9ben L\u00e9vay b\u00fcszk\u00e9n vallotta, \u201ehogy Magyarorsz\u00e1g addig volt hatalmas, am\u00edg katolikus volt. T\u00f6rt\u00e9nelm\u00fcnk legszebb lapjait, m\u00faltunk legf\u00e9nyesebb pontjait \u00e9s legb\u00fcszk\u00e9bb eml\u00e9kei mind ezt bizony\u00edtj\u00e1k.\u201d A katolikus k\u00f6r\u00f6k szervez\u00e9se orsz\u00e1gos mozgalomm\u00e1 alakult, ebb\u0151l Mak\u00f3 sem maradt ki. A magyarorsz\u00e1gi piarista rendtartom\u00e1ny kis k\u00e1ptalanja 1891. j\u00fanius 23-an provinci\u00e1liss\u00e1 v\u00e1lasztotta L\u00e9vay Imr\u00e9t.<\/p>\n\n\n\n<p>L\u00e9vay Imre provinci\u00e1liss\u00e1g\u00e1nak alkot\u00e1sai k\u00f6z\u00fcl a legjelent\u0151sebbek a kispap nevel\u00e9s\u00e9vel kapcsolatosak. A vid\u00e9ki n\u00f6vend\u00e9kh\u00e1zakra k\u00fcl\u00f6n \u00e9s kiemelt figyelmet ford\u00edtott azok t\u00f6bbsz\u00f6ri megtekint\u00e9s\u00e9vel.<\/p>\n\n\n\n<p>1895. m\u00e1jus 20-\u00e1n hunyt el. Budapesten a Fiumei \u00fati s\u00edrkertben van \u00f6r\u00f6k nyugalomba helyezve.<\/p>\n","protected":false},"excerpt":{"rendered":"<p>L\u00e9vay Imre eredeti nev\u00e9n Koz\u00e1k Imre 1842. november 10-\u00e9n sz\u00fcletett Mak\u00f3n a Szent Anna utca 1. sz\u00e1m\u00fa n\u00e1df\u00f6deles sarokh\u00e1zban. \u00c9desapja Koz\u00e1k Imre (1809-1858) sz\u0171csmester, 1926-ban vette feles\u00e9g\u00fcl L\u00e9vay Ter\u00e9zt (1809-1884). H\u00e1zass\u00e1gukb\u00f3l h\u00e1rom gyermek sz\u00fcletett, Ter\u00e9z, Kl\u00e1ra \u00e9s Imre. A fi\u00fa a n\u00e9gy elemit Mak\u00f3n v\u00e9gezte. A v\u00e1ros b\u00e1r megyesz\u00e9khely tov\u00e1bbtanul\u00e1sra nem adott lehet\u0151s\u00e9get. Akinek vagyoni [&#8230;]<\/p>\n<p><a class=\"btn btn-secondary understrap-read-more-link\" href=\"https:\/\/www.makoiertektar.hu\/?p=896496\">R\u00e9szletek<\/a><\/p>\n","protected":false},"author":1,"featured_media":896495,"comment_status":"closed","ping_status":"closed","sticky":false,"template":"","format":"standard","meta":{"ngg_post_thumbnail":0},"categories":[8,41,49],"tags":[],"_links":{"self":[{"href":"https:\/\/www.makoiertektar.hu\/index.php?rest_route=\/wp\/v2\/posts\/896496"}],"collection":[{"href":"https:\/\/www.makoiertektar.hu\/index.php?rest_route=\/wp\/v2\/posts"}],"about":[{"href":"https:\/\/www.makoiertektar.hu\/index.php?rest_route=\/wp\/v2\/types\/post"}],"author":[{"embeddable":true,"href":"https:\/\/www.makoiertektar.hu\/index.php?rest_route=\/wp\/v2\/users\/1"}],"replies":[{"embeddable":true,"href":"https:\/\/www.makoiertektar.hu\/index.php?rest_route=%2Fwp%2Fv2%2Fcomments&post=896496"}],"version-history":[{"count":2,"href":"https:\/\/www.makoiertektar.hu\/index.php?rest_route=\/wp\/v2\/posts\/896496\/revisions"}],"predecessor-version":[{"id":896498,"href":"https:\/\/www.makoiertektar.hu\/index.php?rest_route=\/wp\/v2\/posts\/896496\/revisions\/896498"}],"wp:featuredmedia":[{"embeddable":true,"href":"https:\/\/www.makoiertektar.hu\/index.php?rest_route=\/wp\/v2\/media\/896495"}],"wp:attachment":[{"href":"https:\/\/www.makoiertektar.hu\/index.php?rest_route=%2Fwp%2Fv2%2Fmedia&parent=896496"}],"wp:term":[{"taxonomy":"category","embeddable":true,"href":"https:\/\/www.makoiertektar.hu\/index.php?rest_route=%2Fwp%2Fv2%2Fcategories&post=896496"},{"taxonomy":"post_tag","embeddable":true,"href":"https:\/\/www.makoiertektar.hu\/index.php?rest_route=%2Fwp%2Fv2%2Ftags&post=896496"}],"curies":[{"name":"wp","href":"https:\/\/api.w.org\/{rel}","templated":true}]}}