{"id":896472,"date":"2025-12-17T14:56:18","date_gmt":"2025-12-17T13:56:18","guid":{"rendered":"https:\/\/www.makoiertektar.hu\/?p=896472"},"modified":"2025-12-17T14:57:27","modified_gmt":"2025-12-17T13:57:27","slug":"bozsogi-attila-zenesz-zeneszerzo-amator-iro-kolto","status":"publish","type":"post","link":"https:\/\/www.makoiertektar.hu\/?p=896472","title":{"rendered":"Bozsogi Attila zen\u00e9sz, zeneszerz\u0151, amat\u0151r-\u00edr\u00f3, k\u00f6lt\u0151"},"content":{"rendered":"\n<p>Bozsogi Attila (1932\u20132023) \u00e9let\u00e9t a m\u0171v\u00e9szetek, f\u0151k\u00e9nt a zene \u00e9s az irodalom \u00f6lelte k\u00f6rbe.<\/p>\n\n\n\n<p>\u00c9desanyja kul\u00e1klist\u00e1ra ker\u00fclt, \u00e9desapj\u00e1t oszt\u00e1lyidegennek min\u0151s\u00edtett\u00e9k.<\/p>\n\n\n\n<p>\u201eA lak\u00e1sunkban ott volt a zongora, amire kilenc\u00e9ves koromig r\u00e1 sem n\u00e9ztem, tudom\u00e1sul vettem, hogy l\u00e9tezik, de nem \u00e9rdekelt\u201d \u2013 \u00edrta Bozsogi Attila. \u00c9desanyja azonban elvitte egy zenetan\u00e1rhoz. Az \u00fcgyes fi\u00fa gyorsan megtanult zongor\u00e1zni, mik\u00f6zben a torna volt a kedvenc tant\u00e1rgya. A gimn\u00e1ziumi \u00e9vei alatt Tarj\u00e1nyi L\u00e1szl\u00f3 testnevel\u0151 tan\u00e1r ir\u00e1ny\u00edt\u00e1s\u00e1val t\u00f6bb versenyt is nyert a mak\u00f3i torn\u00e1sz csapattal.<\/p>\n\n\n\n<p>Bozsogi Attila els\u0151 zenekar\u00e1t m\u00e9g 1953-ban alap\u00edtotta, majd a gimn\u00e1ziumi tanulm\u00e1nyai alatt is volt egy\u00fcttese. 17 \u00e9vesen, harmadikos gimnazistak\u00e9nt nyolc h\u00f3napra beker\u00fclt F\u00e1tyol Misi zenekar\u00e1ba \u00e9s a mak\u00f3i Korona Sz\u00e1ll\u00f3ban zen\u00e9lt a h\u00edres pr\u00edm\u00e1ssal. \u201eF\u00e1tyol Misi zenekar\u00e1ban tanultam meg, hogy egy zen\u00e9sznek nem v\u00e1lik h\u00e1tr\u00e1ny\u00e1v\u00e1, ha tud muzsik\u00e1lni.<br>Ebben a zenekarban v\u00e1ltam \u2019tolvajj\u00e1\u2019, aki minden n\u00e1lam rosszabb, vagy jobb zen\u00e9szt\u0151l igyekezett mindent megtanulni, ellopni, amivel tud\u00e1som csiszolhattam, \u00e9s amivel rutinra tehettem szert.\u201d<\/p>\n\n\n\n<p>Bozsogi Attila akt\u00edv \u00e9veiben j\u00e1tszott Mak\u00f3n \u00e9s a k\u00f6rnyez\u0151 telep\u00fcl\u00e9sek vend\u00e9gl\u0151iben, de az orsz\u00e1gban m\u00e1sutt is. Oktatott zen\u00e9t, h\u00e9tv\u00e9gente pedig lakodalmakon h\u00fazta a talpal\u00e1val\u00f3t. Kedvenc hangszere el\u0151bb egy 96 basszusos harmonika volt, majd ahogy egyre jobban j\u00e1tszott rajta, v\u00e1ltott a 120 basszusosra. Ez a hangszer v\u00e9gig k\u00eds\u00e9rte \u00e9let\u00e9t. A hivat\u00e1sos B-kateg\u00f3ri\u00e1j\u00fa vizsg\u00e1t is letette. Bozsogi Attila sz\u00e1m\u00e1ra a zene mellett, az id\u0151 m\u00fal\u00e1s\u00e1val az \u00f6nkifejez\u00e9s egyik nagyon fontos form\u00e1ja az \u00edr\u00e1s lett. Megfogalmazott tanulm\u00e1nyokat, visszaeml\u00e9kez\u00e9seket \u00e9s f\u0151leg verseket. T\u00f6bb k\u00f6tetet t\u00f6ltenek meg versei, \u00edr\u00e1sai. 2024-ben eml\u00e9kpadon r\u00e9zt\u00e1bl\u00e1t avattak tisztelet\u00e9re. Bozsogi Attila hagyat\u00e9k\u00e1t a m\u00fazeum \u0151rzi.<\/p>\n","protected":false},"excerpt":{"rendered":"<p>Bozsogi Attila (1932\u20132023) \u00e9let\u00e9t a m\u0171v\u00e9szetek, f\u0151k\u00e9nt a zene \u00e9s az irodalom \u00f6lelte k\u00f6rbe. \u00c9desanyja kul\u00e1klist\u00e1ra ker\u00fclt, \u00e9desapj\u00e1t oszt\u00e1lyidegennek min\u0151s\u00edtett\u00e9k. \u201eA lak\u00e1sunkban ott volt a zongora, amire kilenc\u00e9ves koromig r\u00e1 sem n\u00e9ztem, tudom\u00e1sul vettem, hogy l\u00e9tezik, de nem \u00e9rdekelt\u201d \u2013 \u00edrta Bozsogi Attila. \u00c9desanyja azonban elvitte egy zenetan\u00e1rhoz. Az \u00fcgyes fi\u00fa gyorsan megtanult zongor\u00e1zni, mik\u00f6zben [&#8230;]<\/p>\n<p><a class=\"btn btn-secondary understrap-read-more-link\" href=\"https:\/\/www.makoiertektar.hu\/?p=896472\">R\u00e9szletek<\/a><\/p>\n","protected":false},"author":1,"featured_media":896475,"comment_status":"closed","ping_status":"closed","sticky":false,"template":"","format":"standard","meta":{"ngg_post_thumbnail":0},"categories":[41,49],"tags":[],"_links":{"self":[{"href":"https:\/\/www.makoiertektar.hu\/index.php?rest_route=\/wp\/v2\/posts\/896472"}],"collection":[{"href":"https:\/\/www.makoiertektar.hu\/index.php?rest_route=\/wp\/v2\/posts"}],"about":[{"href":"https:\/\/www.makoiertektar.hu\/index.php?rest_route=\/wp\/v2\/types\/post"}],"author":[{"embeddable":true,"href":"https:\/\/www.makoiertektar.hu\/index.php?rest_route=\/wp\/v2\/users\/1"}],"replies":[{"embeddable":true,"href":"https:\/\/www.makoiertektar.hu\/index.php?rest_route=%2Fwp%2Fv2%2Fcomments&post=896472"}],"version-history":[{"count":2,"href":"https:\/\/www.makoiertektar.hu\/index.php?rest_route=\/wp\/v2\/posts\/896472\/revisions"}],"predecessor-version":[{"id":896474,"href":"https:\/\/www.makoiertektar.hu\/index.php?rest_route=\/wp\/v2\/posts\/896472\/revisions\/896474"}],"wp:featuredmedia":[{"embeddable":true,"href":"https:\/\/www.makoiertektar.hu\/index.php?rest_route=\/wp\/v2\/media\/896475"}],"wp:attachment":[{"href":"https:\/\/www.makoiertektar.hu\/index.php?rest_route=%2Fwp%2Fv2%2Fmedia&parent=896472"}],"wp:term":[{"taxonomy":"category","embeddable":true,"href":"https:\/\/www.makoiertektar.hu\/index.php?rest_route=%2Fwp%2Fv2%2Fcategories&post=896472"},{"taxonomy":"post_tag","embeddable":true,"href":"https:\/\/www.makoiertektar.hu\/index.php?rest_route=%2Fwp%2Fv2%2Ftags&post=896472"}],"curies":[{"name":"wp","href":"https:\/\/api.w.org\/{rel}","templated":true}]}}