{"id":896468,"date":"2025-12-17T14:51:44","date_gmt":"2025-12-17T13:51:44","guid":{"rendered":"https:\/\/www.makoiertektar.hu\/?p=896468"},"modified":"2025-12-17T14:51:44","modified_gmt":"2025-12-17T13:51:44","slug":"dr-toth-aladar-antal-ful-orr-gegesz-foorvos","status":"publish","type":"post","link":"https:\/\/www.makoiertektar.hu\/?p=896468","title":{"rendered":"Dr. T\u00f3th Alad\u00e1r (Antal) f\u00fcl-orr-g\u00e9g\u00e9sz f\u0151orvos"},"content":{"rendered":"\n<p>Dr. T\u00f3th Alad\u00e1r magyar f\u00fcl-orr-g\u00e9g\u00e9sz f\u0151orvos 1903. febru\u00e1r 10-\u00e9n sz\u00fcletett P\u00e9cs v\u00e1ros\u00e1ban. Apja T\u00f3th J\u00f3zsef K\u00e1lm\u00e1n biztos\u00edt\u00f3t\u00e1rsas\u00e1gi titk\u00e1r, anyja Girardi Erzs\u00e9bet volt.<\/p>\n\n\n\n<p>\u00c1ltal\u00e1nos iskolai tanulm\u00e1nyait Kolozsv\u00e1rott v\u00e9gezte, majd 1920-ban \u00e9retts\u00e9gizett. 1926-ban a P\u00e1zm\u00e1ny P\u00e9ter Tudom\u00e1nyegyetemen szerzett orvosi oklevelet. 1926-1927-ben az egyetem bonctani int\u00e9zet\u00e9ben volt tan\u00e1rseg\u00e9d, 1927-1930 k\u00f6z\u00f6tt a II. sz. Seb\u00e9szeti Klinik\u00e1n m\u0171t\u0151n\u00f6vend\u00e9k, k\u00f6zben seb\u00e9sz szakk\u00e9pes\u00edt\u00e9st szerzett. 1930-1932 k\u00f6z\u00f6tt a g\u00e9geklinik\u00e1n dolgozott. 1931-ben f\u00fcl-, 1932-ben orr- \u00e9s g\u00e9gebetegs\u00e9gekre szakosodott a Germ\u00e1n-f\u00e9le F\u00fcl\u00e9szeti Klinik\u00e1n. 1931-1935 k\u00f6z\u00f6tt Mak\u00f3 k\u00f6zk\u00f3rh\u00e1z\u00e1ban f\u00fcl-orr-g\u00e9g\u00e9sz f\u0151orvos volt. 1932-ben Mak\u00f3n h\u00e1zass\u00e1got k\u00f6t\u00f6tt Lator Francisk\u00e1val. 1990-ben posztumusz d\u00edszpolg\u00e1ri c\u00edmet kapott, 1990-ben Mak\u00f3n a Gagarin utc\u00e1t T\u00f3th Alad\u00e1rr\u00f3l nevezt\u00e9k el, 1991-ben a De\u00e1k Ferenc utcai h\u00e1z\u00e1t eml\u00e9kt\u00e1bl\u00e1val jel\u00f6lt\u00e9k meg, 1996-ban Kiss Jen\u0151 mak\u00f3i szobr\u00e1szm\u0171v\u00e9sz elk\u00e9sz\u00edtette a T\u00f3th Alad\u00e1r mellszobrot, amely a mak\u00f3i k\u00f3rh\u00e1z el\u0151tt tal\u00e1lhat\u00f3.<\/p>\n\n\n\n<p>Dr. T\u00f3th Alad\u00e1r igaz, hogy nem volt mak\u00f3i sz\u00fclet\u00e9s\u0171, de Mak\u00f3n &#8220;Mindenki doktor b\u00e1csija&#8221; n\u00e9ven ismerte a k\u00f6z\u00f6ss\u00e9g. 42 \u00e9ven \u00e1t volt t\u00f6bb gener\u00e1ci\u00f3 orvosa.&nbsp;Nemcsak f\u00fcl-orr-g\u00e9g\u00e9szk\u00e9nt gy\u00f3gy\u00edtott, de betegei ir\u00e1nti elk\u00f6telezetts\u00e9ge, szeretete \u00e9s az a m\u00e9ly tisztelet, amit a betegei ir\u00e1nt \u00e9rzett kiemelte \u0151t a mindennapokb\u00f3l. Apostoli munk\u00e1ja, \u00f6nzetlen seg\u00edt\u0151k\u00e9szs\u00e9ge r\u00e9v\u00e9n be\u00edrta mag\u00e1t Mak\u00f3 v\u00e1rosa sz\u00edv\u00e9be.<\/p>\n\n\n\n<p>1976. febru\u00e1r 21-\u00e9n hunyt el Mak\u00f3n agyv\u00e9rz\u00e9s k\u00f6vetkezt\u00e9ben. S\u00edrja a mak\u00f3i R\u00f3mai Katolikus Temet\u0151ben tal\u00e1lhat\u00f3.<\/p>\n","protected":false},"excerpt":{"rendered":"<p>Dr. T\u00f3th Alad\u00e1r magyar f\u00fcl-orr-g\u00e9g\u00e9sz f\u0151orvos 1903. febru\u00e1r 10-\u00e9n sz\u00fcletett P\u00e9cs v\u00e1ros\u00e1ban. Apja T\u00f3th J\u00f3zsef K\u00e1lm\u00e1n biztos\u00edt\u00f3t\u00e1rsas\u00e1gi titk\u00e1r, anyja Girardi Erzs\u00e9bet volt. \u00c1ltal\u00e1nos iskolai tanulm\u00e1nyait Kolozsv\u00e1rott v\u00e9gezte, majd 1920-ban \u00e9retts\u00e9gizett. 1926-ban a P\u00e1zm\u00e1ny P\u00e9ter Tudom\u00e1nyegyetemen szerzett orvosi oklevelet. 1926-1927-ben az egyetem bonctani int\u00e9zet\u00e9ben volt tan\u00e1rseg\u00e9d, 1927-1930 k\u00f6z\u00f6tt a II. sz. Seb\u00e9szeti Klinik\u00e1n m\u0171t\u0151n\u00f6vend\u00e9k, k\u00f6zben seb\u00e9sz [&#8230;]<\/p>\n<p><a class=\"btn btn-secondary understrap-read-more-link\" href=\"https:\/\/www.makoiertektar.hu\/?p=896468\">R\u00e9szletek<\/a><\/p>\n","protected":false},"author":1,"featured_media":896467,"comment_status":"closed","ping_status":"closed","sticky":false,"template":"","format":"standard","meta":{"ngg_post_thumbnail":0},"categories":[41,49],"tags":[],"_links":{"self":[{"href":"https:\/\/www.makoiertektar.hu\/index.php?rest_route=\/wp\/v2\/posts\/896468"}],"collection":[{"href":"https:\/\/www.makoiertektar.hu\/index.php?rest_route=\/wp\/v2\/posts"}],"about":[{"href":"https:\/\/www.makoiertektar.hu\/index.php?rest_route=\/wp\/v2\/types\/post"}],"author":[{"embeddable":true,"href":"https:\/\/www.makoiertektar.hu\/index.php?rest_route=\/wp\/v2\/users\/1"}],"replies":[{"embeddable":true,"href":"https:\/\/www.makoiertektar.hu\/index.php?rest_route=%2Fwp%2Fv2%2Fcomments&post=896468"}],"version-history":[{"count":2,"href":"https:\/\/www.makoiertektar.hu\/index.php?rest_route=\/wp\/v2\/posts\/896468\/revisions"}],"predecessor-version":[{"id":896470,"href":"https:\/\/www.makoiertektar.hu\/index.php?rest_route=\/wp\/v2\/posts\/896468\/revisions\/896470"}],"wp:featuredmedia":[{"embeddable":true,"href":"https:\/\/www.makoiertektar.hu\/index.php?rest_route=\/wp\/v2\/media\/896467"}],"wp:attachment":[{"href":"https:\/\/www.makoiertektar.hu\/index.php?rest_route=%2Fwp%2Fv2%2Fmedia&parent=896468"}],"wp:term":[{"taxonomy":"category","embeddable":true,"href":"https:\/\/www.makoiertektar.hu\/index.php?rest_route=%2Fwp%2Fv2%2Fcategories&post=896468"},{"taxonomy":"post_tag","embeddable":true,"href":"https:\/\/www.makoiertektar.hu\/index.php?rest_route=%2Fwp%2Fv2%2Ftags&post=896468"}],"curies":[{"name":"wp","href":"https:\/\/api.w.org\/{rel}","templated":true}]}}