{"id":896463,"date":"2025-12-17T14:45:43","date_gmt":"2025-12-17T13:45:43","guid":{"rendered":"https:\/\/www.makoiertektar.hu\/?p=896463"},"modified":"2025-12-17T14:46:54","modified_gmt":"2025-12-17T13:46:54","slug":"santa-sandor-mint-festomuvesz","status":"publish","type":"post","link":"https:\/\/www.makoiertektar.hu\/?p=896463","title":{"rendered":"S\u00e1nta S\u00e1ndor, mint fest\u0151m\u0171v\u00e9sz"},"content":{"rendered":"\n<p>S\u00e1nta S\u00e1ndor (1910\u20131983) egykori mak\u00f3i polg\u00e1rmester nemcsak a v\u00e1ros k\u00f6zigazgat\u00e1si m\u00faltj\u00e1hoz kapcsol\u00f3d\u00f3 szem\u00e9lyis\u00e9g, hanem egy olyan amat\u0151r fest\u0151, akinek festm\u00e9nyei a XX. sz\u00e1zad k\u00f6zep\u00e9nek jellegzetes vid\u00e9ki hangulat\u00e1t, a Maros-parti t\u00e1j sz\u00e9ps\u00e9g\u00e9t, valamint a mak\u00f3i polg\u00e1ri mili\u0151t \u00f6r\u00f6k\u00edtik meg. Munk\u00e1ss\u00e1g\u00e1t amat\u0151r, de ig\u00e9nyes fest\u0151k\u00e9nt tartjuk sz\u00e1mon: k\u00e9pein \u00e9rz\u00e9keny sz\u00ednhaszn\u00e1lat, kiegyens\u00falyozott kompoz\u00edci\u00f3 \u00e9s er\u0151teljes lok\u00e1lpatriotizmus fedezhet\u0151 fel.<\/p>\n\n\n\n<p>A mak\u00f3i m\u00fazeumba ker\u00fclt \u201ehagyat\u00e9ki anyag\u201d t\u00f6bb t\u00e1jk\u00e9pet, csend\u00e9letet \u00e9s portr\u00e9t tartalmaz. K\u00fcl\u00f6n\u00f6sen \u00e9rt\u00e9kesek azok az alkot\u00e1sok, amelyek Mak\u00f3 v\u00e1ros l\u00e1tk\u00e9p\u00e9t \u00e9s a helyi \u00e9p\u00edtett \u00f6r\u00f6ks\u00e9get mutatja meg, hiszen ezek egyszerre hordoznak m\u0171v\u00e9szeti \u00e9s helyt\u00f6rt\u00e9neti jelent\u0151s\u00e9get.<\/p>\n","protected":false},"excerpt":{"rendered":"<p>S\u00e1nta S\u00e1ndor (1910\u20131983) egykori mak\u00f3i polg\u00e1rmester nemcsak a v\u00e1ros k\u00f6zigazgat\u00e1si m\u00faltj\u00e1hoz kapcsol\u00f3d\u00f3 szem\u00e9lyis\u00e9g, hanem egy olyan amat\u0151r fest\u0151, akinek festm\u00e9nyei a XX. sz\u00e1zad k\u00f6zep\u00e9nek jellegzetes vid\u00e9ki hangulat\u00e1t, a Maros-parti t\u00e1j sz\u00e9ps\u00e9g\u00e9t, valamint a mak\u00f3i polg\u00e1ri mili\u0151t \u00f6r\u00f6k\u00edtik meg. Munk\u00e1ss\u00e1g\u00e1t amat\u0151r, de ig\u00e9nyes fest\u0151k\u00e9nt tartjuk sz\u00e1mon: k\u00e9pein \u00e9rz\u00e9keny sz\u00ednhaszn\u00e1lat, kiegyens\u00falyozott kompoz\u00edci\u00f3 \u00e9s er\u0151teljes lok\u00e1lpatriotizmus fedezhet\u0151 fel. [&#8230;]<\/p>\n<p><a class=\"btn btn-secondary understrap-read-more-link\" href=\"https:\/\/www.makoiertektar.hu\/?p=896463\">R\u00e9szletek<\/a><\/p>\n","protected":false},"author":1,"featured_media":896466,"comment_status":"closed","ping_status":"closed","sticky":false,"template":"","format":"standard","meta":{"ngg_post_thumbnail":0},"categories":[41,49],"tags":[],"_links":{"self":[{"href":"https:\/\/www.makoiertektar.hu\/index.php?rest_route=\/wp\/v2\/posts\/896463"}],"collection":[{"href":"https:\/\/www.makoiertektar.hu\/index.php?rest_route=\/wp\/v2\/posts"}],"about":[{"href":"https:\/\/www.makoiertektar.hu\/index.php?rest_route=\/wp\/v2\/types\/post"}],"author":[{"embeddable":true,"href":"https:\/\/www.makoiertektar.hu\/index.php?rest_route=\/wp\/v2\/users\/1"}],"replies":[{"embeddable":true,"href":"https:\/\/www.makoiertektar.hu\/index.php?rest_route=%2Fwp%2Fv2%2Fcomments&post=896463"}],"version-history":[{"count":2,"href":"https:\/\/www.makoiertektar.hu\/index.php?rest_route=\/wp\/v2\/posts\/896463\/revisions"}],"predecessor-version":[{"id":896465,"href":"https:\/\/www.makoiertektar.hu\/index.php?rest_route=\/wp\/v2\/posts\/896463\/revisions\/896465"}],"wp:featuredmedia":[{"embeddable":true,"href":"https:\/\/www.makoiertektar.hu\/index.php?rest_route=\/wp\/v2\/media\/896466"}],"wp:attachment":[{"href":"https:\/\/www.makoiertektar.hu\/index.php?rest_route=%2Fwp%2Fv2%2Fmedia&parent=896463"}],"wp:term":[{"taxonomy":"category","embeddable":true,"href":"https:\/\/www.makoiertektar.hu\/index.php?rest_route=%2Fwp%2Fv2%2Fcategories&post=896463"},{"taxonomy":"post_tag","embeddable":true,"href":"https:\/\/www.makoiertektar.hu\/index.php?rest_route=%2Fwp%2Fv2%2Ftags&post=896463"}],"curies":[{"name":"wp","href":"https:\/\/api.w.org\/{rel}","templated":true}]}}