{"id":896459,"date":"2025-12-17T14:36:09","date_gmt":"2025-12-17T13:36:09","guid":{"rendered":"https:\/\/www.makoiertektar.hu\/?p=896459"},"modified":"2025-12-17T14:43:04","modified_gmt":"2025-12-17T13:43:04","slug":"makoi-muvesztelep-1991-2006","status":"publish","type":"post","link":"https:\/\/www.makoiertektar.hu\/?p=896459","title":{"rendered":"Mak\u00f3i M\u0171v\u00e9sztelep (1991 \u2013 2006)"},"content":{"rendered":"\n<p>\u201eM\u0171v\u00e9szet m\u00f3l\u00f3ja a Maroson\u201d &#8211; \u00edgy nevezte Banner Zolt\u00e1n m\u0171v\u00e9szett\u00f6rt\u00e9n\u00e9sz az 1991-ben \u00fajj\u00e1szervez\u0151d\u00f6tt Mak\u00f3i M\u0171v\u00e9sztelepet egy katal\u00f3gus el\u0151szav\u00e1ban.<\/p>\n\n\n\n<p>Itt tal\u00e1lkoztak el\u0151sz\u00f6r egym\u00e1ssal a hat\u00e1ron t\u00falr\u00f3l, Erd\u00e9lyb\u0151l, Felvid\u00e9kr\u0151l, K\u00e1rp\u00e1talj\u00e1r\u00f3l, Vajdas\u00e1gb\u00f3l j\u00f6tt k\u00e9pz\u0151m\u0171v\u00e9szek, sz\u00f6v\u0151dtek bar\u00e1ts\u00e1gok az itt \u00e9l\u0151 m\u0171v\u00e9szetkedvel\u0151 mak\u00f3iakkal. A telep kital\u00e1l\u00f3ja \u00e9s szellemi vez\u00e9re J\u00e1mborn\u00e9 Balog T\u00fcnde k\u00e9pz\u0151m\u0171v\u00e9sz \u00e9s \u00edr\u00f3, akit Gilinger Katalinnal egy\u00fctt b\u00edzott meg az \u00f6nkorm\u00e1nyzat a m\u0171v\u00e9sztelep szervez\u00e9s\u00e9vel. A megb\u00edzott m\u0171v\u00e9szek a h\u00e1rom h\u00e9t vend\u00e9gs\u00e9g fej\u00e9ben k\u00e9t m\u0171alkot\u00e1st hagytak a v\u00e1rosnak, ami alapj\u00e1t k\u00e9pezhette egy majdani K\u00e1rp\u00e1t-medencei gal\u00e9ri\u00e1nak. Az itt t\u00f6lt\u00f6tt tizenhat \u00e9v m\u0171v\u00e9szi fejl\u0151d\u00e9s\u00fck szempontj\u00e1b\u00f3l is fontos \u00e1llom\u00e1snak bizonyult. \u00daj t\u00e9m\u00e1k, sz\u00edn- \u00e9s formavil\u00e1g, a h\u00e1zi feladatnak bec\u00e9zett aj\u00e1nlott, kerek \u00e9vfordul\u00f3khoz kapcsol\u00f3d\u00f3, aktu\u00e1lis t\u00f6rt\u00e9nelmi t\u00e9m\u00e1k: honfoglal\u00e1s, az \u00e1llamalap\u00edt\u00e1s, az <em>Itt az id\u0151 48-as sorozatok<\/em>, majd <em>a kereszt\u00e9nys\u00e9g ezer \u00e9ve<\/em>, az <em>1956-os forradalom \u00f6tven\u00e9ves \u00e9vfordul\u00f3ja<\/em> tal\u00e1n egy meg\u00fajul\u00f3 t\u00f6rt\u00e9nelmi fest\u00e9szet \u00fatj\u00e1t jel\u00f6lik ki.<\/p>\n\n\n\n<p>A tov\u00e1bbi t\u00e9m\u00e1k is mak\u00f3i \u00e9s irodalmi vonatkoz\u00e1s\u00faak, mint <em>Foly\u00f3nk a Maros<\/em>, <em>Testv\u00e9reink a f\u00e1k<\/em>, <em>T\u0171z<\/em> <em>te gy\u00f6ny\u00f6r\u0171<\/em>, megid\u00e9zt\u00e9k J\u00f3zsef Attil\u00e1t \u00e9s Bart\u00f3k B\u00e9l\u00e1t. <em>A millenniumi &#8211; Ezersz\u00e1z \u00e9v a K\u00e1rp\u00e1t-medenc\u00e9ben-sorozat<\/em> ut\u00e1n megsz\u00fclettek a k\u00f6vetkez\u0151 sorozatok, melyek m\u00e9lt\u00e1n reprezent\u00e1lj\u00e1k a K\u00e1rp\u00e1t-medence gazdag \u00e9s soksz\u00edn\u0171 m\u0171v\u00e9szet\u00e9t.<\/p>\n\n\n\n<p>Az ide megh\u00edvott m\u0171v\u00e9szek nem p\u00e1lyakezd\u0151k, hanem otthon is elismert m\u0171v\u00e9szek voltak, akik sz\u00e1mos k\u00fcl\u00f6nf\u00e9le st\u00edlusir\u00e1nyzat k\u00e9pvisel\u0151i, azonban k\u00f6z\u00f6s benn\u00fck a sz\u00fcl\u0151f\u00f6ldh\u00f6z val\u00f3 k\u00f6t\u0151d\u00e9s \u00e9s a hagyom\u00e1nyokhoz val\u00f3 h\u0171s\u00e9g. A tizenhat \u00e9v mak\u00f3i t\u00e1boroz\u00e1s alatt kialakult egy v\u00e1rosi mecenat\u00fara, egym\u00e1sra tal\u00e1lt m\u0171v\u00e9sz \u00e9s k\u00f6z\u00f6ns\u00e9g, nagysz\u00e1m\u00fa \u00e9rdekl\u0151d\u0151 t\u00f6lt\u00f6tte meg a ki\u00e1ll\u00edt\u00f3termeket. A m\u0171v\u00e9sztelep rendezv\u00e9nyeivel be\u00e1gyaz\u00f3dott Mak\u00f3 kultur\u00e1lis \u00e9let\u00e9be.<\/p>\n\n\n\n<p>1998-ban az eddig elk\u00e9sz\u00fclt m\u0171vek elnyert\u00e9k a Magyar M\u0171v\u00e9szeti Akad\u00e9mia Aranya Oklevel\u00e9t, 1999-ben pedig a telep megkapta Csongr\u00e1d Megye Alkot\u00f3i D\u00edj\u00e1t.&nbsp; 2000 janu\u00e1rj\u00e1t\u00f3l a mintegy sz\u00e1z\u00f6tven alkot\u00e1sb\u00f3l hetven a Magyar Millennium Korm\u00e1nybiztos Hivatal\u00e1nak t\u00e1mogat\u00e1s\u00e1val v\u00e1ndorki\u00e1ll\u00edt\u00e1sk\u00e9nt k\u00e9t \u00e9ven \u00e1t j\u00e1rta az orsz\u00e1got. <em>A Mak\u00f3i M\u0171v\u00e9sztelep Ezersz\u00e1z \u00e9v a K\u00e1rp\u00e1t-medenc\u00e9ben <\/em>c\u00edm\u0171 albuma t\u00f6bb mint sz\u00e1z m\u0171vet mutatott be a sorozatb\u00f3l.<\/p>\n\n\n\n<p>A Mak\u00f3i M\u0171v\u00e9sztelep tagjai voltak: Antal Imre &#8211; Gyimesfels\u0151lok, Babinecz J\u00f3zsef &#8211; Ungv\u00e1r, Bal\u00e1zs Istv\u00e1n &#8211; Rimaszombat, Benk\u0151 Gy\u00f6rgy &#8211; Beregsz\u00e1sz, Berecz Margit &#8211; Ungv\u00e1r, B\u00edr\u00f3 G\u00e1bor -Sz\u00e9kelyudvarhely, Blecka J\u00f3zsef &#8211; Huszt, Bordy Margit &#8211; Kolozsv\u00e1r, Czabuk Anna &#8211; Szov\u00e1ta, Fekete Mikl\u00f3s &#8211; Cs\u00edkszereda\/Szeged, F\u00f6ldessy P\u00e9ter &#8211; Munk\u00e1cs, Gyurkovics Hunor &#8211; Szabadka, Imets L\u00e1szl\u00f3 &#8211; Cs\u00edkszereda, Imre S\u00e1ndor &#8211; Beregsz\u00e1sz, J\u00e1mborn\u00e9 Balog T\u00fcnde -Mak\u00f3, K\u00e1das Kata -Beregsz\u00e1sz, K\u00e1konyi Csilla &#8211; Marosv\u00e1s\u00e1rhely, Karsai Ildik\u00f3 &#8211; Mak\u00f3, Kiss Jen\u0151 &#8211; Mak\u00f3, Kop\u00f3cs Tibor &#8211; R\u00e9vkom\u00e1rom, Koszti Istv\u00e1n Mikl\u00f3s &#8211; Cs\u00edkszereda, Kov\u00e1cs G\u00e9za &#8211; Segesv\u00e1r, K\u00f6ll\u0151 Margit -Sepsiszentgy\u00f6rgy, Kusztos Endre &#8211; Szov\u00e1ta, M\u00e1rton \u00c1rp\u00e1d &#8211; Cs\u00edkszereda, Matl P\u00e9ter &#8211; Munk\u00e1cs, Micska Zolt\u00e1n &#8211; Munk\u00e1cs, Miholcsa J\u00f3zsef &#8211; Marosv\u00e1s\u00e1rhely, Mikl\u00f3ssy M\u00e1ria &#8211; Sepsiszentgy\u00f6rgy, Moln\u00e1r D\u00e9nes &#8211; Marosv\u00e1s\u00e1rhely, Nemes Fekete Edit &#8211; Szabadka, Orth Istv\u00e1n &#8211; Nagyszeben, P\u00e1ll Lajos &#8211; Korond, Petr\u00e1s M\u00e1ria &#8211; Budapest, Plugor S\u00e1ndor &#8211; Sepsiszentgy\u00f6rgy, Porzsolt Borb\u00e1la -Marosv\u00e1s\u00e1rhely, Sipos L\u00e1szl\u00f3 &#8211; Felvinc, Sz\u00e9kely G\u00e9za &#8211; Kolozsv\u00e1r, Szem\u00e1n Ferenc \u00d6csi &#8211; Ungv\u00e1r, Sz\u0171cs L\u00e1szl\u00f3 &#8211; Zsel\u00edz, Torok S\u00e1ndor &#8211; Szabadka, V\u00e9kony Lajos &#8211; Szabadka, Veres P\u00e9ter &#8211; Beregsz\u00e1sz, V\u00e9s\u0151 \u00c1goston &#8211; Nagyb\u00e1nya, Vigh Istv\u00e1n &#8211; New York, Vinczeffy L\u00e1szl\u00f3 -Sepsiszentgy\u00f6rgy, Zolcs\u00e1k S\u00e1ndor &#8211; Marosv\u00e1s\u00e1rhely.<\/p>\n","protected":false},"excerpt":{"rendered":"<p>\u201eM\u0171v\u00e9szet m\u00f3l\u00f3ja a Maroson\u201d &#8211; \u00edgy nevezte Banner Zolt\u00e1n m\u0171v\u00e9szett\u00f6rt\u00e9n\u00e9sz az 1991-ben \u00fajj\u00e1szervez\u0151d\u00f6tt Mak\u00f3i M\u0171v\u00e9sztelepet egy katal\u00f3gus el\u0151szav\u00e1ban. Itt tal\u00e1lkoztak el\u0151sz\u00f6r egym\u00e1ssal a hat\u00e1ron t\u00falr\u00f3l, Erd\u00e9lyb\u0151l, Felvid\u00e9kr\u0151l, K\u00e1rp\u00e1talj\u00e1r\u00f3l, Vajdas\u00e1gb\u00f3l j\u00f6tt k\u00e9pz\u0151m\u0171v\u00e9szek, sz\u00f6v\u0151dtek bar\u00e1ts\u00e1gok az itt \u00e9l\u0151 m\u0171v\u00e9szetkedvel\u0151 mak\u00f3iakkal. A telep kital\u00e1l\u00f3ja \u00e9s szellemi vez\u00e9re J\u00e1mborn\u00e9 Balog T\u00fcnde k\u00e9pz\u0151m\u0171v\u00e9sz \u00e9s \u00edr\u00f3, akit Gilinger Katalinnal egy\u00fctt b\u00edzott [&#8230;]<\/p>\n<p><a class=\"btn btn-secondary understrap-read-more-link\" href=\"https:\/\/www.makoiertektar.hu\/?p=896459\">R\u00e9szletek<\/a><\/p>\n","protected":false},"author":1,"featured_media":896462,"comment_status":"open","ping_status":"open","sticky":false,"template":"","format":"standard","meta":{"ngg_post_thumbnail":0},"categories":[41,49],"tags":[],"_links":{"self":[{"href":"https:\/\/www.makoiertektar.hu\/index.php?rest_route=\/wp\/v2\/posts\/896459"}],"collection":[{"href":"https:\/\/www.makoiertektar.hu\/index.php?rest_route=\/wp\/v2\/posts"}],"about":[{"href":"https:\/\/www.makoiertektar.hu\/index.php?rest_route=\/wp\/v2\/types\/post"}],"author":[{"embeddable":true,"href":"https:\/\/www.makoiertektar.hu\/index.php?rest_route=\/wp\/v2\/users\/1"}],"replies":[{"embeddable":true,"href":"https:\/\/www.makoiertektar.hu\/index.php?rest_route=%2Fwp%2Fv2%2Fcomments&post=896459"}],"version-history":[{"count":1,"href":"https:\/\/www.makoiertektar.hu\/index.php?rest_route=\/wp\/v2\/posts\/896459\/revisions"}],"predecessor-version":[{"id":896460,"href":"https:\/\/www.makoiertektar.hu\/index.php?rest_route=\/wp\/v2\/posts\/896459\/revisions\/896460"}],"wp:featuredmedia":[{"embeddable":true,"href":"https:\/\/www.makoiertektar.hu\/index.php?rest_route=\/wp\/v2\/media\/896462"}],"wp:attachment":[{"href":"https:\/\/www.makoiertektar.hu\/index.php?rest_route=%2Fwp%2Fv2%2Fmedia&parent=896459"}],"wp:term":[{"taxonomy":"category","embeddable":true,"href":"https:\/\/www.makoiertektar.hu\/index.php?rest_route=%2Fwp%2Fv2%2Fcategories&post=896459"},{"taxonomy":"post_tag","embeddable":true,"href":"https:\/\/www.makoiertektar.hu\/index.php?rest_route=%2Fwp%2Fv2%2Ftags&post=896459"}],"curies":[{"name":"wp","href":"https:\/\/api.w.org\/{rel}","templated":true}]}}