{"id":896455,"date":"2025-12-17T14:27:54","date_gmt":"2025-12-17T13:27:54","guid":{"rendered":"https:\/\/www.makoiertektar.hu\/?p=896455"},"modified":"2025-12-17T14:32:37","modified_gmt":"2025-12-17T13:32:37","slug":"rudnay-muvesztelep-1925-1927","status":"publish","type":"post","link":"https:\/\/www.makoiertektar.hu\/?p=896455","title":{"rendered":"Rudnay M\u0171v\u00e9sztelep (1925 -1927)"},"content":{"rendered":"\n<p>A Rudnay-M\u0171v\u00e9sztelep, itt a Maros partj\u00e1n 1925-ben kelt \u00e9letre. Szellemi atyja, Espersit J\u00e1nos, mak\u00f3i \u00fcgyv\u00e9d \u00e9s m\u0171v\u00e9szetp\u00e1rtol\u00f3, aki nem hagyta az akkori fiatal fest\u0151n\u00f6vend\u00e9keket magukra, hanem t\u00f6bbedmag\u00e1val otthont biztos\u00edtva, lehet\u0151s\u00e9get teremtett a fiatal alkot\u00f3knak a m\u0171v\u00e9szeti munk\u00e1juk gyakorl\u00e1s\u00e1hoz.<\/p>\n\n\n\n<p>Elismer\u00e9st \u00e9rdemel Rudnay Gyula a kiv\u00e1l\u00f3 fest\u0151m\u0171v\u00e9sz, aki a tan\u00edtv\u00e1nyai \u00e9s a m\u0171v\u00e9sztelep r\u00e9v\u00e9n \u00f6r\u00f6kre elhelyezte Mak\u00f3 v\u00e1ros nev\u00e9t a magyar k\u00e9pz\u0151m\u0171v\u00e9szet t\u00e9rk\u00e9p\u00e9re.<\/p>\n\n\n\n<p>Az egykori m\u0171v\u00e9sztelep fenn\u00e1ll\u00e1s\u00e1nak 3 \u00e9ve (1925-1927) a magyar k\u00e9pz\u0151m\u0171v\u00e9szet kit\u00fcntetett id\u0151szaka volt, melynek gy\u00f6kereib\u0151l a k\u00e9s\u0151 ut\u00f3kor t\u00f6bb szellemi- \u00e9s alkot\u00f3i m\u0171helyt hozott l\u00e9tre.<\/p>\n\n\n\n<p>Ez az \u00f6r\u00f6ks\u00e9g tov\u00e1bb kell, hogy \u00e9ljen, mert a m\u0171v\u00e9szet nem csup\u00e1n eszt\u00e9tikum: identit\u00e1s, k\u00f6z\u00f6ss\u00e9g, p\u00e1rbesz\u00e9d \u2013 m\u00falt \u00e9s j\u00f6v\u0151 k\u00f6z\u00f6tt.<\/p>\n","protected":false},"excerpt":{"rendered":"<p>A Rudnay-M\u0171v\u00e9sztelep, itt a Maros partj\u00e1n 1925-ben kelt \u00e9letre. Szellemi atyja, Espersit J\u00e1nos, mak\u00f3i \u00fcgyv\u00e9d \u00e9s m\u0171v\u00e9szetp\u00e1rtol\u00f3, aki nem hagyta az akkori fiatal fest\u0151n\u00f6vend\u00e9keket magukra, hanem t\u00f6bbedmag\u00e1val otthont biztos\u00edtva, lehet\u0151s\u00e9get teremtett a fiatal alkot\u00f3knak a m\u0171v\u00e9szeti munk\u00e1juk gyakorl\u00e1s\u00e1hoz. Elismer\u00e9st \u00e9rdemel Rudnay Gyula a kiv\u00e1l\u00f3 fest\u0151m\u0171v\u00e9sz, aki a tan\u00edtv\u00e1nyai \u00e9s a m\u0171v\u00e9sztelep r\u00e9v\u00e9n \u00f6r\u00f6kre elhelyezte Mak\u00f3 [&#8230;]<\/p>\n<p><a class=\"btn btn-secondary understrap-read-more-link\" href=\"https:\/\/www.makoiertektar.hu\/?p=896455\">R\u00e9szletek<\/a><\/p>\n","protected":false},"author":1,"featured_media":896457,"comment_status":"open","ping_status":"open","sticky":false,"template":"","format":"standard","meta":{"ngg_post_thumbnail":0},"categories":[41,49],"tags":[],"_links":{"self":[{"href":"https:\/\/www.makoiertektar.hu\/index.php?rest_route=\/wp\/v2\/posts\/896455"}],"collection":[{"href":"https:\/\/www.makoiertektar.hu\/index.php?rest_route=\/wp\/v2\/posts"}],"about":[{"href":"https:\/\/www.makoiertektar.hu\/index.php?rest_route=\/wp\/v2\/types\/post"}],"author":[{"embeddable":true,"href":"https:\/\/www.makoiertektar.hu\/index.php?rest_route=\/wp\/v2\/users\/1"}],"replies":[{"embeddable":true,"href":"https:\/\/www.makoiertektar.hu\/index.php?rest_route=%2Fwp%2Fv2%2Fcomments&post=896455"}],"version-history":[{"count":2,"href":"https:\/\/www.makoiertektar.hu\/index.php?rest_route=\/wp\/v2\/posts\/896455\/revisions"}],"predecessor-version":[{"id":896458,"href":"https:\/\/www.makoiertektar.hu\/index.php?rest_route=\/wp\/v2\/posts\/896455\/revisions\/896458"}],"wp:featuredmedia":[{"embeddable":true,"href":"https:\/\/www.makoiertektar.hu\/index.php?rest_route=\/wp\/v2\/media\/896457"}],"wp:attachment":[{"href":"https:\/\/www.makoiertektar.hu\/index.php?rest_route=%2Fwp%2Fv2%2Fmedia&parent=896455"}],"wp:term":[{"taxonomy":"category","embeddable":true,"href":"https:\/\/www.makoiertektar.hu\/index.php?rest_route=%2Fwp%2Fv2%2Fcategories&post=896455"},{"taxonomy":"post_tag","embeddable":true,"href":"https:\/\/www.makoiertektar.hu\/index.php?rest_route=%2Fwp%2Fv2%2Ftags&post=896455"}],"curies":[{"name":"wp","href":"https:\/\/api.w.org\/{rel}","templated":true}]}}