{"id":896435,"date":"2025-10-01T08:54:18","date_gmt":"2025-10-01T07:54:18","guid":{"rendered":"https:\/\/www.makoiertektar.hu\/?p=896435"},"modified":"2025-10-01T10:17:15","modified_gmt":"2025-10-01T09:17:15","slug":"torma-imre-mako-festo-fia-2","status":"publish","type":"post","link":"https:\/\/www.makoiertektar.hu\/?p=896435","title":{"rendered":"Torma Imre, Mak\u00f3 fest\u0151 fia"},"content":{"rendered":"\n<p>Torma lmre 1893. december 3-\u00e1n sz\u00fcletett Mak\u00f3n kisparaszti csal\u00e1dban. Tehets\u00e9ge m\u00e1r kor\u00e1n, az elemi iskol\u00e1ban megmutatkozott. 1907-U1 szobafest\u0151inas, majd 1910-t\u00edil seg\u00e9d Mak\u00f3n \u00e9s Aradon. 1911-t\u01511 Budapesten dolgozott egy d\u00edsz\u00edt\u0151-fest\u0151 v\u00e111a1atn\u00e11, k\u00f6zben mag\u00e1n\u00faton elv\u00e9gezte a re\u00e1lgimn\u00e1ziumot. 1914-ben bevonult katon\u00e1nak, ahol megsebes\u00fcl, k\u00f3rh\u00e1zba ker\u00fcl. A h\u00e1bor\u00fa ut\u00e1n Pesten beiratkozott az Iparm\u0171v\u00e9szeti F\u0151iskola fest\u0151 szak\u00e1ra, mestere Simay Imre volt. K\u00f6zben iparm\u0171v\u00e9szeti v\u00e1llalatuknak dolgozik, hogy legyen mib\u0151l \u00e9lnie. Miut\u00e1n v\u00e9gzett, templomok, kast\u00e9lyok fresk\u00f3fest\u00e9seit k\u00e9sz\u00edti, illetve restaur\u00e1lja. 1926-ban hazak\u00f6lt\u00f6zik Mak\u00f3ra, h\u00e1z\u00e1ban m\u0171termet alak\u00edt ki. 1928-ban megfesti a g\u00f6r\u00f6g katolikus templom falk\u00e9peit, a k\u00f6vetkez\u0151 \u00e9vben Gerliczy b\u00e1r\u00f3 hegyfalvi kast\u00e9ly\u00e1ban a fresk\u00f3kat restaur\u00e1lja. Els\u0151 t\u00e1rlat\u00e1t Mak\u00f3n rendezhette 1931-ben a v\u00e1rmegyeh\u00e1z\u00e1n, melynek kedvez\u0151 visszhangja volt, de anyagi sikert nem hozott. 1935-ben Szegeden majd ism\u00e9t a v\u00e1rmegyeh\u00e1z d\u00edszterm\u00e9ben ny\u00edlt ki\u00e1ll\u00edt\u00e1sa 1937-ben. Ugyanebben az \u00e9vben, N\u00e1polyban a nemzetk\u00f6zi t\u00e1rlaton egy k\u00e9p\u00e9vel kit\u00fcntet\u00e9st nyer. 1938-ban a battonyai szerb templom fresk\u00f3it restaur\u00e1lja. 1944-ben megn\u0151s\u00fcl, feles\u00e9g\u00fcl veszi Kiss Erzs\u00e9betet. Ki\u00e1ll\u00edt\u00e1sai egym\u00e1s k\u00f6vetik Mak\u00f3n, Szegeden, H\u00f3dmez\u0151v\u00e1s\u00e1rhelyen. R\u00f6vid betegesked\u00e9s ut\u00e1n 1954. janu\u00e1r 4-\u00e9n hal meg Mak\u00f3n. S\u00edrja az \u00fajv\u00e1rosi reform\u00e1tus temet\u0151ben tal\u00e1lhat\u00f3. F\u00f6k\u00e9nt t\u00e1jk\u00e9pei \u00e9s csend\u00e9letei ismertek, de festett portr\u00e9t, aktot \u00e9s \u00e9letk\u00e9peket is. T\u00e1jk\u00e9peinek f\u00f6 t\u00e9m\u00e1ja a marosi t\u00e1j, a Maros-part. Csend\u00e9letei kiz\u00e1r\u00f3lag vir\u00e1gokat \u00e1br\u00e1zolnak, azok k\u00f6z\u00fcl is ink\u00e1bb kerti vir\u00e1gokat, mint mezei vir\u00e1gokat. Munka\u00e1br\u00e1zol\u00f3 festm\u00e9nyei 1945 ut\u00e1n k\u00e9sz\u00fcltek, \u00e9s ink\u00e1bb paraszti tev\u00e9kenys\u00e9get \u00e1br\u00e1zolnak, mint ipari foglalkoz\u00e1sokat.<\/p>\n","protected":false},"excerpt":{"rendered":"<p>Torma lmre 1893. december 3-\u00e1n sz\u00fcletett Mak\u00f3n kisparaszti csal\u00e1dban. Tehets\u00e9ge m\u00e1r kor\u00e1n, az elemi iskol\u00e1ban megmutatkozott. 1907-U1 szobafest\u0151inas, majd 1910-t\u00edil seg\u00e9d Mak\u00f3n \u00e9s Aradon. 1911-t\u01511 Budapesten dolgozott egy d\u00edsz\u00edt\u0151-fest\u0151 v\u00e111a1atn\u00e11, k\u00f6zben mag\u00e1n\u00faton elv\u00e9gezte a re\u00e1lgimn\u00e1ziumot. 1914-ben bevonult katon\u00e1nak, ahol megsebes\u00fcl, k\u00f3rh\u00e1zba ker\u00fcl. A h\u00e1bor\u00fa ut\u00e1n Pesten beiratkozott az Iparm\u0171v\u00e9szeti F\u0151iskola fest\u0151 szak\u00e1ra, mestere Simay Imre [&#8230;]<\/p>\n<p><a class=\"btn btn-secondary understrap-read-more-link\" href=\"https:\/\/www.makoiertektar.hu\/?p=896435\">R\u00e9szletek<\/a><\/p>\n","protected":false},"author":1,"featured_media":896434,"comment_status":"closed","ping_status":"closed","sticky":false,"template":"","format":"standard","meta":{"ngg_post_thumbnail":0},"categories":[41,49],"tags":[],"_links":{"self":[{"href":"https:\/\/www.makoiertektar.hu\/index.php?rest_route=\/wp\/v2\/posts\/896435"}],"collection":[{"href":"https:\/\/www.makoiertektar.hu\/index.php?rest_route=\/wp\/v2\/posts"}],"about":[{"href":"https:\/\/www.makoiertektar.hu\/index.php?rest_route=\/wp\/v2\/types\/post"}],"author":[{"embeddable":true,"href":"https:\/\/www.makoiertektar.hu\/index.php?rest_route=\/wp\/v2\/users\/1"}],"replies":[{"embeddable":true,"href":"https:\/\/www.makoiertektar.hu\/index.php?rest_route=%2Fwp%2Fv2%2Fcomments&post=896435"}],"version-history":[{"count":3,"href":"https:\/\/www.makoiertektar.hu\/index.php?rest_route=\/wp\/v2\/posts\/896435\/revisions"}],"predecessor-version":[{"id":896438,"href":"https:\/\/www.makoiertektar.hu\/index.php?rest_route=\/wp\/v2\/posts\/896435\/revisions\/896438"}],"wp:featuredmedia":[{"embeddable":true,"href":"https:\/\/www.makoiertektar.hu\/index.php?rest_route=\/wp\/v2\/media\/896434"}],"wp:attachment":[{"href":"https:\/\/www.makoiertektar.hu\/index.php?rest_route=%2Fwp%2Fv2%2Fmedia&parent=896435"}],"wp:term":[{"taxonomy":"category","embeddable":true,"href":"https:\/\/www.makoiertektar.hu\/index.php?rest_route=%2Fwp%2Fv2%2Fcategories&post=896435"},{"taxonomy":"post_tag","embeddable":true,"href":"https:\/\/www.makoiertektar.hu\/index.php?rest_route=%2Fwp%2Fv2%2Ftags&post=896435"}],"curies":[{"name":"wp","href":"https:\/\/api.w.org\/{rel}","templated":true}]}}