{"id":896431,"date":"2025-10-01T08:51:44","date_gmt":"2025-10-01T07:51:44","guid":{"rendered":"https:\/\/www.makoiertektar.hu\/?p=896431"},"modified":"2025-10-01T09:15:44","modified_gmt":"2025-10-01T08:15:44","slug":"tettamanti-bela-elete-es-munkassaga","status":"publish","type":"post","link":"https:\/\/www.makoiertektar.hu\/?p=896431","title":{"rendered":"Tettamanti B\u00e9la \u00e9lete \u00e9s munk\u00e1ss\u00e1ga"},"content":{"rendered":"\n<p>Tettamanti B\u00e9la (Bp., 1884. szept. 30. \u2013 Szeged, 1959. j\u00fan. 28.): pedag\u00f3gus, egyetemi tan\u00e1r, a<\/p>\n\n\n\n<p>nevel\u00e9studom\u00e1nyok kandid\u00e1tusa (1952). Budapesten kisiparos-csal\u00e1d harmadik gyermekek\u00e9nt l\u00e1tta meg a napvil\u00e1got. \u00c9desapja kos\u00e1rk\u00f6t\u0151 mester volt, mesters\u00e9g\u00e9nek elismer\u00e9sek\u00e9ppen a Vakok Orsz\u00e1gos Int\u00e9zete n\u00f6vend\u00e9keinek tan\u00edtotta mesters\u00e9g\u00e9t. A sz\u00fcl\u0151k harmadik gyermek\u00fcket m\u00e1r nem akart\u00e1k tov\u00e1bb tan\u00edttatni, szerett\u00e9k volna, ha a csal\u00e1di \u00fczletet viszi tov\u00e1bb, \u00edgy a polg\u00e1ri iskola elv\u00e9gz\u00e9se ut\u00e1n a budapesti VI. ker\u00fcleti kereskedelmi iskol\u00e1ba \u00edratt\u00e1k be, ahol 1902-ben \u00e9retts\u00e9gi vizsg\u00e1t tett. T\u00f6rley J\u00f3zsef pezsg\u0151gy\u00e1r\u00e1nak budafoki \u00fczem\u00e9ben lett tisztvisel\u0151, munkahely\u00e9n az \u00fczletben is j\u00f3l kamatoz\u00f3 kiv\u00e1l\u00f3 kapcsolatteremt\u0151 k\u00e9pess\u00e9gei miatt igen kedvelt\u00e9k, de \u0151 er\u0151s elhivatotts\u00e1got \u00e9rzett arra, hogy tanuljon tov\u00e1bb legal\u00e1bb mag\u00e1n\u00faton. 1904-ben gimn\u00e1ziumi \u00e9retts\u00e9gi vizsg\u00e1t tett. Fels\u0151fok\u00fa tanulm\u00e1nyokat a budapesti egyetemen folytatott, okleveles magyar-n\u00e9met szakos k\u00f6z\u00e9piskolai tan\u00e1r lett 1910-ben. A mak\u00f3i f\u0151gimn\u00e1ziumban tan\u00edtott 1912-t\u0151l 1927-ig. Az els\u0151 vil\u00e1gh\u00e1bor\u00faban r\u00e9szt vett, helyt\u00e1ll\u00e1s\u00e1\u00e9rt t\u00f6bbsz\u00f6r is kit\u00fcntett\u00e9k. A frontszolg\u00e1lat ut\u00e1n visszament a gimn\u00e1ziumba tan\u00edtani, csak a szakm\u00e1j\u00e1nak \u00e9lt. 1925\u20131926-ban tanulm\u00e1ny\u00faton volt a b\u00e9csi Collegium Hungaricumban. Egyetemi doktori \u00e9rtekez\u00e9s\u00e9t K\u00e1rm\u00e1n M\u00f3r nevel\u00e9selm\u00e9let\u00e9r\u0151l \u00edrta. 1942-1944-ig a M\u0171egyetemen is tartott \u00f3r\u00e1kat. Magyarorsz\u00e1g n\u00e9met megsz\u00e1ll\u00e1sa (1944. m\u00e1rcius 19.) ut\u00e1n azonnal k\u00e9rte nyugd\u00edjaz\u00e1s\u00e1t. K\u00e1roly fi\u00e1val \u00e9s meny\u00e9vel Miskolc mell\u00e9 k\u00f6lt\u00f6z\u00f6tt, ugyanis Tettamanti tev\u00e9kenyen r\u00e9szt v\u00e1llalt a M\u00e1rciusi Front munk\u00e1j\u00e1ban, s a Szt\u00f3jay korm\u00e1ny hatalomra jut\u00e1sa ut\u00e1n bujk\u00e1lnia kellett. 1947-t\u0151l a kolozsv\u00e1ri Bolyai Tudom\u00e1nyegyetemen oktatott, pedag\u00f3giai \u00e9s pszichol\u00f3giai el\u0151ad\u00e1sokat tartott \u00e9s gyakorlatokat vezetett. Tekintettel magas kor\u00e1ra, nem tartottak tov\u00e1bb ig\u00e9nyt szolg\u00e1lataira. \u00c9let\u00e9nek utols\u00f3 \u00e9vtized\u00e9ben Szegeden lakott. 1959-ben m\u00e9g \u00e9ppen \u00e1ll\u00e1sban, ezut\u00e1n nem sokkal balesetben meghalt. A szegedi Belv\u00e1rosi temet\u0151ben helyezt\u00e9k \u00f6r\u00f6k nyugalomra. Tettamanti is p\u00e1rtfogolta J\u00f3zsef Attil\u00e1t. M\u00e9g ruhaf\u00e9l\u00e9kkel is ell\u00e1tta. Sz\u00e1mos pedag\u00f3gus vallotta mag\u00e1t b\u00fcszk\u00e9n Tettamanti tan\u00edtv\u00e1ny\u00e1nak.<\/p>\n","protected":false},"excerpt":{"rendered":"<p>Tettamanti B\u00e9la (Bp., 1884. szept. 30. \u2013 Szeged, 1959. j\u00fan. 28.): pedag\u00f3gus, egyetemi tan\u00e1r, a nevel\u00e9studom\u00e1nyok kandid\u00e1tusa (1952). Budapesten kisiparos-csal\u00e1d harmadik gyermekek\u00e9nt l\u00e1tta meg a napvil\u00e1got. \u00c9desapja kos\u00e1rk\u00f6t\u0151 mester volt, mesters\u00e9g\u00e9nek elismer\u00e9sek\u00e9ppen a Vakok Orsz\u00e1gos Int\u00e9zete n\u00f6vend\u00e9keinek tan\u00edtotta mesters\u00e9g\u00e9t. A sz\u00fcl\u0151k harmadik gyermek\u00fcket m\u00e1r nem akart\u00e1k tov\u00e1bb tan\u00edttatni, szerett\u00e9k volna, ha a csal\u00e1di \u00fczletet viszi [&#8230;]<\/p>\n<p><a class=\"btn btn-secondary understrap-read-more-link\" href=\"https:\/\/www.makoiertektar.hu\/?p=896431\">R\u00e9szletek<\/a><\/p>\n","protected":false},"author":1,"featured_media":896430,"comment_status":"closed","ping_status":"closed","sticky":false,"template":"","format":"standard","meta":{"ngg_post_thumbnail":0},"categories":[41,49],"tags":[],"_links":{"self":[{"href":"https:\/\/www.makoiertektar.hu\/index.php?rest_route=\/wp\/v2\/posts\/896431"}],"collection":[{"href":"https:\/\/www.makoiertektar.hu\/index.php?rest_route=\/wp\/v2\/posts"}],"about":[{"href":"https:\/\/www.makoiertektar.hu\/index.php?rest_route=\/wp\/v2\/types\/post"}],"author":[{"embeddable":true,"href":"https:\/\/www.makoiertektar.hu\/index.php?rest_route=\/wp\/v2\/users\/1"}],"replies":[{"embeddable":true,"href":"https:\/\/www.makoiertektar.hu\/index.php?rest_route=%2Fwp%2Fv2%2Fcomments&post=896431"}],"version-history":[{"count":2,"href":"https:\/\/www.makoiertektar.hu\/index.php?rest_route=\/wp\/v2\/posts\/896431\/revisions"}],"predecessor-version":[{"id":896433,"href":"https:\/\/www.makoiertektar.hu\/index.php?rest_route=\/wp\/v2\/posts\/896431\/revisions\/896433"}],"wp:featuredmedia":[{"embeddable":true,"href":"https:\/\/www.makoiertektar.hu\/index.php?rest_route=\/wp\/v2\/media\/896430"}],"wp:attachment":[{"href":"https:\/\/www.makoiertektar.hu\/index.php?rest_route=%2Fwp%2Fv2%2Fmedia&parent=896431"}],"wp:term":[{"taxonomy":"category","embeddable":true,"href":"https:\/\/www.makoiertektar.hu\/index.php?rest_route=%2Fwp%2Fv2%2Fcategories&post=896431"},{"taxonomy":"post_tag","embeddable":true,"href":"https:\/\/www.makoiertektar.hu\/index.php?rest_route=%2Fwp%2Fv2%2Ftags&post=896431"}],"curies":[{"name":"wp","href":"https:\/\/api.w.org\/{rel}","templated":true}]}}