{"id":896428,"date":"2025-10-01T08:49:19","date_gmt":"2025-10-01T07:49:19","guid":{"rendered":"https:\/\/www.makoiertektar.hu\/?p=896428"},"modified":"2025-10-01T09:16:02","modified_gmt":"2025-10-01T08:16:02","slug":"szundy-jeno-kornel-oktato-kerteszeti-szakiro","status":"publish","type":"post","link":"https:\/\/www.makoiertektar.hu\/?p=896428","title":{"rendered":"Szundy Jen\u0151 Korn\u00e9l oktat\u00f3, kert\u00e9szeti szak\u00edr\u00f3"},"content":{"rendered":"\n<p>\u00c9rtelmis\u00e9gi csal\u00e1dban sz\u00fcletett, a csal\u00e1dban heten voltak testv\u00e9rek. Elemi \u00e9s k\u00f6z\u00e9piskol\u00e1it sz\u00fcl\u0151v\u00e1ros\u00e1ban v\u00e9gezte, majd k\u00e9t \u00e9vig N\u00e1daslad\u00e1nyon kert\u00e9szgyakornok volt. 1900\u20131903 k\u00f6z\u00f6tt a budapesti Kert\u00e9szeti Tanint\u00e9zetben tanult, m\u0171kert\u00e9sz diplom\u00e1t szerzett. Egy \u00e9vig sorkatonai szolg\u00e1latban vett r\u00e9szt, a debreceni 39. gyalogezredbe vonult be. 1904-t\u0151l tan\u00edt\u00f3k\u00e9nt dolgozott a nagybocsk\u00f3i \u00e9s a l\u0151csei kertmunk\u00e1s iskol\u00e1kban. A k\u00f6vetkez\u0151 \u00e9vben k\u00e9thavi tanulm\u00e1ny\u00faton vett r\u00e9szt nyugat-eur\u00f3pai orsz\u00e1gokban, majd P\u00e1p\u00e1n \u00e9s Munk\u00e1cson tan\u00edtott. Az els\u0151 vil\u00e1gh\u00e1bor\u00faban n\u00e9gy \u00e9vig f\u0151hadnagyk\u00e9nt szolg\u00e1lt. Visszat\u00e9rve Palicsra nem volt hajland\u00f3 felesk\u00fcdni a megsz\u00e1ll\u00f3 szerb csapatoknak, ez\u00e9rt elbocs\u00e1tott\u00e1k, majd k\u00e9nyszernyugd\u00edjazt\u00e1k. Visszat\u00e9rt sz\u00fcl\u0151v\u00e1ros\u00e1ba, Mak\u00f3ra \u00e9s gazd\u00e1lkodni kezdett, 12 \u00e9ven \u00e1t b\u00e9relt f\u00f6ld\u00f6n kereskedelmi \u00e9s temet\u0151i kert\u00e9szetet \u00fczemeltetett. Hozz\u00e1fogott egy \u00faj kertkult\u00fara megalapoz\u00e1s\u00e1hoz, kialak\u00edtotta a korszer\u0171 gy\u00fcm\u00f6lcstermeszt\u00e9st. 1927. janu\u00e1r 16-\u00e1n l\u00e9trehozta a Csan\u00e1d-Arad-Toront\u00e1lv\u00e1rmegyei Gy\u00fcm\u00f6lcs\u00e9szeti Egyes\u00fcletet. Ez volt az orsz\u00e1g els\u0151 gy\u00fcm\u00f6lcs\u00e9szeti egyes\u00fclete; hat \u00e9vvel megel\u0151zte a Gy\u00fcm\u00f6lcstermeszt\u0151k Orsz\u00e1gos Egyes\u00fclet\u00e9nek megalakul\u00e1s\u00e1t. H\u00e1rom \u00e9v alatt k\u00f6zel 4700-ra n\u0151tt a szervezet tagjainak sz\u00e1ma &#8211; a sz\u0171kebb r\u00e9gi\u00f3 legnagyobb egyes\u00fclet\u00e9v\u00e9 v\u00e1ltak-, \u00e9s 42 ki\u00e1ll\u00edt\u00e1st rendeztek. Felvil\u00e1gos\u00edt\u00f3 kamp\u00e1nyt ind\u00edtott, a korszer\u0171 \u00e9s hat\u00e9kony gy\u00fcm\u00f6lcstermeszt\u00e9sr\u0151l, bemutatta a fajt\u00e1k saj\u00e1toss\u00e1gait, megismertette a helyieket az eredm\u00e9nyes szapor\u00edt\u00e1s tudnival\u00f3ival \u00e9s a szakszer\u0171 n\u00f6v\u00e9nyv\u00e9delem legfontosabb szab\u00e1lyair\u00f3l. Javaslat\u00e1ra a v\u00e1ros 1928-ban a Maros hull\u00e1mter\u00e9ben gy\u00fcm\u00f6lcsf\u00e1kat telep\u00edtett \u00e9s faiskol\u00e1t l\u00e9tes\u00edtett. Az \u00fan. Seg\u00edt\u0151 kez\u00fcnk akci\u00f3 keretein bel\u00fcl 1937-t\u0151l ingyen gy\u00fcm\u00f6lcsfaoltv\u00e1nyokkal t\u00e1mogatt\u00e1k Honv\u00e9d \u00e9s a Vert\u00e1n-telep szeg\u00e9ny lakoss\u00e1g\u00e1t. Az \u00e1ltala alap\u00edtott egyes\u00fclet \u00fcgyvezet\u0151 igazgat\u00f3i posztj\u00e1t 1950-ig t\u00f6lt\u00f6tte be, majd a Mak\u00f3i F\u00f6ldm\u0171ves Sz\u00f6vetkezet berkein bel\u00fcl sz\u0151l\u0151 \u00e9s gy\u00fcm\u00f6lcstermeszt\u0151 szakcsoportot hozott l\u00e9tre, amelynek tags\u00e1ga 1955 tavasz\u00e1ra el\u00e9rte a 202 f\u0151t. 1963-t\u00f3l t\u00edz \u00e9vig a Mak\u00f3 Kert\u00e9szeti Munkak\u00f6z\u00f6ss\u00e9g \u00fcgyvezet\u0151je volt. Elind\u00edtotta a Vir\u00e1gos Mak\u00f3\u00e9rt mozgalmat, \u00e9s pal\u00e1ntanevel\u0151 telepet hozott l\u00e9tre a hagymak\u00eds\u00e9rleti telepen. 1974-ben hunyt el, hossz\u00fa betegs\u00e9g ut\u00e1n; a mak\u00f3i belv\u00e1rosi reform\u00e1tus \u00f3temet\u0151ben helyezt\u00e9k \u00f6r\u00f6k nyugalomra.<\/p>\n","protected":false},"excerpt":{"rendered":"<p>\u00c9rtelmis\u00e9gi csal\u00e1dban sz\u00fcletett, a csal\u00e1dban heten voltak testv\u00e9rek. Elemi \u00e9s k\u00f6z\u00e9piskol\u00e1it sz\u00fcl\u0151v\u00e1ros\u00e1ban v\u00e9gezte, majd k\u00e9t \u00e9vig N\u00e1daslad\u00e1nyon kert\u00e9szgyakornok volt. 1900\u20131903 k\u00f6z\u00f6tt a budapesti Kert\u00e9szeti Tanint\u00e9zetben tanult, m\u0171kert\u00e9sz diplom\u00e1t szerzett. Egy \u00e9vig sorkatonai szolg\u00e1latban vett r\u00e9szt, a debreceni 39. gyalogezredbe vonult be. 1904-t\u0151l tan\u00edt\u00f3k\u00e9nt dolgozott a nagybocsk\u00f3i \u00e9s a l\u0151csei kertmunk\u00e1s iskol\u00e1kban. A k\u00f6vetkez\u0151 \u00e9vben k\u00e9thavi [&#8230;]<\/p>\n<p><a class=\"btn btn-secondary understrap-read-more-link\" href=\"https:\/\/www.makoiertektar.hu\/?p=896428\">R\u00e9szletek<\/a><\/p>\n","protected":false},"author":1,"featured_media":896427,"comment_status":"open","ping_status":"open","sticky":false,"template":"","format":"standard","meta":{"ngg_post_thumbnail":0},"categories":[41,49],"tags":[],"_links":{"self":[{"href":"https:\/\/www.makoiertektar.hu\/index.php?rest_route=\/wp\/v2\/posts\/896428"}],"collection":[{"href":"https:\/\/www.makoiertektar.hu\/index.php?rest_route=\/wp\/v2\/posts"}],"about":[{"href":"https:\/\/www.makoiertektar.hu\/index.php?rest_route=\/wp\/v2\/types\/post"}],"author":[{"embeddable":true,"href":"https:\/\/www.makoiertektar.hu\/index.php?rest_route=\/wp\/v2\/users\/1"}],"replies":[{"embeddable":true,"href":"https:\/\/www.makoiertektar.hu\/index.php?rest_route=%2Fwp%2Fv2%2Fcomments&post=896428"}],"version-history":[{"count":1,"href":"https:\/\/www.makoiertektar.hu\/index.php?rest_route=\/wp\/v2\/posts\/896428\/revisions"}],"predecessor-version":[{"id":896429,"href":"https:\/\/www.makoiertektar.hu\/index.php?rest_route=\/wp\/v2\/posts\/896428\/revisions\/896429"}],"wp:featuredmedia":[{"embeddable":true,"href":"https:\/\/www.makoiertektar.hu\/index.php?rest_route=\/wp\/v2\/media\/896427"}],"wp:attachment":[{"href":"https:\/\/www.makoiertektar.hu\/index.php?rest_route=%2Fwp%2Fv2%2Fmedia&parent=896428"}],"wp:term":[{"taxonomy":"category","embeddable":true,"href":"https:\/\/www.makoiertektar.hu\/index.php?rest_route=%2Fwp%2Fv2%2Fcategories&post=896428"},{"taxonomy":"post_tag","embeddable":true,"href":"https:\/\/www.makoiertektar.hu\/index.php?rest_route=%2Fwp%2Fv2%2Ftags&post=896428"}],"curies":[{"name":"wp","href":"https:\/\/api.w.org\/{rel}","templated":true}]}}