{"id":896424,"date":"2025-10-01T08:45:06","date_gmt":"2025-10-01T07:45:06","guid":{"rendered":"https:\/\/www.makoiertektar.hu\/?p=896424"},"modified":"2025-10-01T09:16:30","modified_gmt":"2025-10-01T08:16:30","slug":"szilvasy-nandor-festomuvesz","status":"publish","type":"post","link":"https:\/\/www.makoiertektar.hu\/?p=896424","title":{"rendered":"Szilv\u00e1sy N\u00e1ndor, fest\u0151m\u0171v\u00e9sz"},"content":{"rendered":"\n<p>Szilv\u00e1sy N\u00e1ndor, Munk\u00e1csy-d\u00edjas fest\u0151- \u00e9s grafikusm\u0171v\u00e9sz, a kort\u00e1rs magyar k\u00e9pz\u0151m\u0171v\u00e9szet emblematikus alkot\u00f3ja, Mak\u00f3 v\u00e1ros h\u00edres sz\u00fcl\u00f6ttje, 1927. november 13-\u00e1n l\u00e1tta meg a napvil\u00e1got Szilv\u00e1sy N\u00e1ndor \u00e9s Maz\u00e1n Judit gyermekek\u00e9nt.&nbsp; A sz\u00fcl\u0151v\u00e1rosb\u00f3l indul\u00f3 alkot\u00f3 p\u00e1ly\u00e1j\u00e1nak legfontosabb \u00e1llom\u00e1sai: 1947\u20131949 k\u00f6z\u00f6tt az&nbsp;Iparm\u0171v\u00e9szeti F\u0151iskola&nbsp;hallgat\u00f3ja volt. 1949\u20131952 k\u00f6z\u00f6tt a&nbsp;Magyar K\u00e9pz\u0151m\u0171v\u00e9szeti F\u0151iskola&nbsp;hallgat\u00f3ja volt. Tan\u00e1rai voltak t\u00f6bbek k\u00f6zt:&nbsp;Koff\u00e1n K\u00e1roly,&nbsp;Hincz Gyula,&nbsp;Barcsay Jen\u0151,&nbsp;\u00c9k S\u00e1ndor&nbsp;\u00e9s&nbsp;Mih\u00e1ltz P\u00e1l. 1952\u20131956 k\u00f6z\u00f6tt mesek\u00f6nyveket illusztr\u00e1lt. 1956\u20131960 k\u00f6z\u00f6tt rajzokat \u00e9s koll\u00e1zsokat k\u00e9sz\u00edtett. 1960-t\u00f3l 30 \u00e9ven \u00e1t plak\u00e1tokat, embl\u00e9m\u00e1kat tervezett, az alkalmazott grafika minden ter\u00fclet\u00e9vel foglalkozott.&nbsp; Egy\u00e9ni ki\u00e1ll\u00edt\u00e1sai voltak t\u00f6bbek k\u00f6z\u00f6tt Mak\u00f3n, Budapesten, Miskolcon, R\u00e9vf\u00fcl\u00f6p, Sz\u00e9kesfeh\u00e9rv\u00e1r, Szigliget, Keszthely. 1990-t\u0151l&nbsp;R\u00e9vf\u00fcl\u00f6p\u00f6n&nbsp;\u00e9lt. Eleven, expressz\u00edv fogalmaz\u00e1s\u00fa k\u00e9pi vil\u00e1got teremt\u0151 fest\u0151v\u00e9 v\u00e1lt. Gazdag koloritja, eleven v\u00f6r\u00f6sei, k\u00e9kjei, lend\u00fcletes fest\u00e9sm\u00f3dja \u00f6r\u00f6m\u00f6t okoz a szemnek, s oly ritk\u00e1n \u00e9rezhet\u0151en: felszabad\u00edtja a n\u00e9z\u0151t szorong\u00e1saib\u00f3l. 2000\u20132006 k\u00f6z\u00f6tt az \u00daj Horizont m\u0171v\u00e9szeti szerkeszt\u0151je is volt.<\/p>\n\n\n\n<p>\u00dagy hunyt el 2011. j\u00falius 7-\u00e9n, 84 \u00e9vesen, hogy szelleme fiatal volt \u00e9s vit\u00e1lis, szem\u00e9lyis\u00e9ge nyitott \u00e9s vibr\u00e1l\u00f3. S\u00edrja a&nbsp;r\u00e9vf\u00fcl\u00f6pi&nbsp;temet\u0151ben tal\u00e1lhat\u00f3. &nbsp;Szilv\u00e1sy N\u00e1ndor szakmai \u00e9s emberi nagys\u00e1g\u00e1val \u00f6r\u00f6k p\u00e9lda marad a mak\u00f3iaknak \u00e9s a t\u00e1gabb m\u0171\u00e9rt\u0151 k\u00f6z\u00f6ns\u00e9g sz\u00e1m\u00e1ra egyar\u00e1nt.<\/p>\n","protected":false},"excerpt":{"rendered":"<p>Szilv\u00e1sy N\u00e1ndor, Munk\u00e1csy-d\u00edjas fest\u0151- \u00e9s grafikusm\u0171v\u00e9sz, a kort\u00e1rs magyar k\u00e9pz\u0151m\u0171v\u00e9szet emblematikus alkot\u00f3ja, Mak\u00f3 v\u00e1ros h\u00edres sz\u00fcl\u00f6ttje, 1927. november 13-\u00e1n l\u00e1tta meg a napvil\u00e1got Szilv\u00e1sy N\u00e1ndor \u00e9s Maz\u00e1n Judit gyermekek\u00e9nt.&nbsp; A sz\u00fcl\u0151v\u00e1rosb\u00f3l indul\u00f3 alkot\u00f3 p\u00e1ly\u00e1j\u00e1nak legfontosabb \u00e1llom\u00e1sai: 1947\u20131949 k\u00f6z\u00f6tt az&nbsp;Iparm\u0171v\u00e9szeti F\u0151iskola&nbsp;hallgat\u00f3ja volt. 1949\u20131952 k\u00f6z\u00f6tt a&nbsp;Magyar K\u00e9pz\u0151m\u0171v\u00e9szeti F\u0151iskola&nbsp;hallgat\u00f3ja volt. Tan\u00e1rai voltak t\u00f6bbek k\u00f6zt:&nbsp;Koff\u00e1n K\u00e1roly,&nbsp;Hincz Gyula,&nbsp;Barcsay Jen\u0151,&nbsp;\u00c9k S\u00e1ndor&nbsp;\u00e9s&nbsp;Mih\u00e1ltz [&#8230;]<\/p>\n<p><a class=\"btn btn-secondary understrap-read-more-link\" href=\"https:\/\/www.makoiertektar.hu\/?p=896424\">R\u00e9szletek<\/a><\/p>\n","protected":false},"author":1,"featured_media":896423,"comment_status":"closed","ping_status":"closed","sticky":false,"template":"","format":"standard","meta":{"ngg_post_thumbnail":0},"categories":[41,49],"tags":[],"_links":{"self":[{"href":"https:\/\/www.makoiertektar.hu\/index.php?rest_route=\/wp\/v2\/posts\/896424"}],"collection":[{"href":"https:\/\/www.makoiertektar.hu\/index.php?rest_route=\/wp\/v2\/posts"}],"about":[{"href":"https:\/\/www.makoiertektar.hu\/index.php?rest_route=\/wp\/v2\/types\/post"}],"author":[{"embeddable":true,"href":"https:\/\/www.makoiertektar.hu\/index.php?rest_route=\/wp\/v2\/users\/1"}],"replies":[{"embeddable":true,"href":"https:\/\/www.makoiertektar.hu\/index.php?rest_route=%2Fwp%2Fv2%2Fcomments&post=896424"}],"version-history":[{"count":3,"href":"https:\/\/www.makoiertektar.hu\/index.php?rest_route=\/wp\/v2\/posts\/896424\/revisions"}],"predecessor-version":[{"id":896447,"href":"https:\/\/www.makoiertektar.hu\/index.php?rest_route=\/wp\/v2\/posts\/896424\/revisions\/896447"}],"wp:featuredmedia":[{"embeddable":true,"href":"https:\/\/www.makoiertektar.hu\/index.php?rest_route=\/wp\/v2\/media\/896423"}],"wp:attachment":[{"href":"https:\/\/www.makoiertektar.hu\/index.php?rest_route=%2Fwp%2Fv2%2Fmedia&parent=896424"}],"wp:term":[{"taxonomy":"category","embeddable":true,"href":"https:\/\/www.makoiertektar.hu\/index.php?rest_route=%2Fwp%2Fv2%2Fcategories&post=896424"},{"taxonomy":"post_tag","embeddable":true,"href":"https:\/\/www.makoiertektar.hu\/index.php?rest_route=%2Fwp%2Fv2%2Ftags&post=896424"}],"curies":[{"name":"wp","href":"https:\/\/api.w.org\/{rel}","templated":true}]}}