{"id":896184,"date":"2023-01-10T14:41:44","date_gmt":"2023-01-10T13:41:44","guid":{"rendered":"https:\/\/www.makoiertektar.hu\/?p=896184"},"modified":"2025-10-01T08:56:53","modified_gmt":"2025-10-01T07:56:53","slug":"prof-dr-torok-jozsef-papai-prelatus-egyhaztortenesz","status":"publish","type":"post","link":"https:\/\/www.makoiertektar.hu\/?p=896184","title":{"rendered":"T\u00f6r\u00f6k J\u00f3zsef p\u00e1pai prel\u00e1tus, egyh\u00e1zt\u00f6rt\u00e9n\u00e9sz professzor"},"content":{"rendered":"\n<p>Prof. Dr. T\u00f6r\u00f6k J\u00f3zsef, 1946. augusztus 30-\u00e1n Mak\u00f3n sz\u00fcletett, 1975. j\u00fanius 24-\u00e9n szentelt\u00e9k papp\u00e1 Sz\u00e9kesfeh\u00e9rv\u00e1ron. K\u00e1pl\u00e1nk\u00e9nt szolg\u00e1lt Csepel-Belv\u00e1rosban 1975\u20131978 k\u00f6z\u00f6tt. Teol\u00f3giai doktor\u00e1tust szerzett Budapesten (1976) \u00e9s P\u00e1rizsban (1980). P\u00e1rizsban folytatott fels\u0151bb tanulm\u00e1nyok ut\u00e1n a P\u00e1zm\u00e1ny P\u00e9ter Katolikus Egyetem Hittudom\u00e1nyi Kar\u00e1nak \u2013 korabeli nev\u00e9n a Hittudom\u00e1nyi Akad\u00e9mi\u00e1nak \u2013 c\u00edmzetes rendk\u00edv\u00fcli tan\u00e1ra volt 1980-t\u00f3l, nyilv\u00e1nos rendk\u00edv\u00fcli tan\u00e1ra 1983-t\u00f3l, a nyilv\u00e1nos rendes tan\u00e1ra 1986-t\u00f3l nyugd\u00edjba vonul\u00e1s\u00e1ig (2017). Egyetemi feladatai mellett a K\u00f6zponti Papnevel\u0151 Int\u00e9zet rektorhelyettese volt 1986\u20131987 k\u00f6z\u00f6tt. Az Ecclesia Sz\u00f6vetkezet eln\u00f6ki tiszt\u00e9t 1993-t\u00f3l l\u00e1tta el. Kiseg\u00edt\u0151 lelk\u00e9szk\u00e9nt m\u0171k\u00f6d\u00f6tt Budapest\u2013M\u00e1riaremet\u00e9n illetve Budapest\u2013Krisztinav\u00e1rosban. Munk\u00e1ss\u00e1g\u00e1t c\u00edmzetes pr\u00e9posti m\u00e9lt\u00f3s\u00e1ggal 1991-ben, p\u00e1pai prel\u00e1tusi c\u00edmmel 1998-ban ismert\u00e9k el. A M\u00e1ltai Lovagrend magisztr\u00e1lis k\u00e1pl\u00e1nja 2000-t\u0151l, tb. konventu\u00e1lis k\u00e1pl\u00e1nja 2011-t\u0151l. Stephanus-d\u00edjat nyert 2000-ben. A Magyar K\u00f6zt\u00e1rsas\u00e1gi \u00c9rdemrend Tisztikeresztj\u00e9nek 2001-ben, K\u00f6z\u00e9pkeresztj\u00e9nek 2011-ben lett birtokosa. Munk\u00e1ss\u00e1g\u00e1t 1991-ben c\u00edmzetes pr\u00e9posti m\u00e9lt\u00f3s\u00e1ggal, 1998-ban p\u00e1pai prel\u00e1tusi c\u00edmmel ismert\u00e9k el. Jelent\u0151sek magyar \u00e9s francia nyelven \u00edr\u00f3dott tanulm\u00e1nyai, valamint francia \u00e9s latin nyelvr\u0151l val\u00f3 k\u00f6nyvford\u00edt\u00e1sai. Legfontosabb publik\u00e1ci\u00f3i: <em>A magyar p\u00e1los rend liturgi\u00e1j\u00e1nak forr\u00e1sai \u00e9s t\u00f6rt\u00e9nete<\/em>\u00a0(1997); <em>Szerzetes- \u00e9s lovagrendek Magyarorsz\u00e1gon<\/em>\u00a0(1990); <em>A magyar f\u00f6ld szentjei<\/em>\u00a0(1991); <em>P\u00e9ter v\u00e1ndor\u00faton<\/em> (1991); <em>A XX. sz\u00e1zad p\u00e1p\u00e1i<\/em>\u00a0(1991); <em>Katolikus templomok Magyarorsz\u00e1gon<\/em>\u00a0(1991, t\u00e1rsszerz\u0151k\u00e9nt); <em>A magyar egyh\u00e1z ezer \u00e9ve<\/em>\u00a0(1992); <em>Egyetemes Egyh\u00e1zt\u00f6rt\u00e9nelem I\u2013II.<\/em>, (1999); <em>A katolikus egyh\u00e1z \u00e9s a liturgia Magyarorsz\u00e1gon<\/em>\u00a0(2000).<\/p>\n","protected":false},"excerpt":{"rendered":"<p>Prof. Dr. T\u00f6r\u00f6k J\u00f3zsef, 1946. augusztus 30-\u00e1n Mak\u00f3n sz\u00fcletett, 1975. j\u00fanius 24-\u00e9n szentelt\u00e9k papp\u00e1 Sz\u00e9kesfeh\u00e9rv\u00e1ron. K\u00e1pl\u00e1nk\u00e9nt szolg\u00e1lt Csepel-Belv\u00e1rosban 1975\u20131978 k\u00f6z\u00f6tt. Teol\u00f3giai doktor\u00e1tust szerzett Budapesten (1976) \u00e9s P\u00e1rizsban (1980). P\u00e1rizsban folytatott fels\u0151bb tanulm\u00e1nyok ut\u00e1n a P\u00e1zm\u00e1ny P\u00e9ter Katolikus Egyetem Hittudom\u00e1nyi Kar\u00e1nak \u2013 korabeli nev\u00e9n a Hittudom\u00e1nyi Akad\u00e9mi\u00e1nak \u2013 c\u00edmzetes rendk\u00edv\u00fcli tan\u00e1ra volt 1980-t\u00f3l, nyilv\u00e1nos rendk\u00edv\u00fcli tan\u00e1ra [&#8230;]<\/p>\n<p><a class=\"btn btn-secondary understrap-read-more-link\" href=\"https:\/\/www.makoiertektar.hu\/?p=896184\">R\u00e9szletek<\/a><\/p>\n","protected":false},"author":1,"featured_media":896186,"comment_status":"closed","ping_status":"closed","sticky":false,"template":"","format":"standard","meta":{"ngg_post_thumbnail":0},"categories":[41,49],"tags":[],"_links":{"self":[{"href":"https:\/\/www.makoiertektar.hu\/index.php?rest_route=\/wp\/v2\/posts\/896184"}],"collection":[{"href":"https:\/\/www.makoiertektar.hu\/index.php?rest_route=\/wp\/v2\/posts"}],"about":[{"href":"https:\/\/www.makoiertektar.hu\/index.php?rest_route=\/wp\/v2\/types\/post"}],"author":[{"embeddable":true,"href":"https:\/\/www.makoiertektar.hu\/index.php?rest_route=\/wp\/v2\/users\/1"}],"replies":[{"embeddable":true,"href":"https:\/\/www.makoiertektar.hu\/index.php?rest_route=%2Fwp%2Fv2%2Fcomments&post=896184"}],"version-history":[{"count":3,"href":"https:\/\/www.makoiertektar.hu\/index.php?rest_route=\/wp\/v2\/posts\/896184\/revisions"}],"predecessor-version":[{"id":896439,"href":"https:\/\/www.makoiertektar.hu\/index.php?rest_route=\/wp\/v2\/posts\/896184\/revisions\/896439"}],"wp:featuredmedia":[{"embeddable":true,"href":"https:\/\/www.makoiertektar.hu\/index.php?rest_route=\/wp\/v2\/media\/896186"}],"wp:attachment":[{"href":"https:\/\/www.makoiertektar.hu\/index.php?rest_route=%2Fwp%2Fv2%2Fmedia&parent=896184"}],"wp:term":[{"taxonomy":"category","embeddable":true,"href":"https:\/\/www.makoiertektar.hu\/index.php?rest_route=%2Fwp%2Fv2%2Fcategories&post=896184"},{"taxonomy":"post_tag","embeddable":true,"href":"https:\/\/www.makoiertektar.hu\/index.php?rest_route=%2Fwp%2Fv2%2Ftags&post=896184"}],"curies":[{"name":"wp","href":"https:\/\/api.w.org\/{rel}","templated":true}]}}