{"id":889185,"date":"2022-01-11T14:10:52","date_gmt":"2022-01-11T14:10:52","guid":{"rendered":"https:\/\/www.makoiertektar.hu\/?p=889185"},"modified":"2022-01-11T14:10:55","modified_gmt":"2022-01-11T14:10:55","slug":"makovecz-tura","status":"publish","type":"post","link":"https:\/\/www.makoiertektar.hu\/?p=889185","title":{"rendered":"Makovecz t\u00fara"},"content":{"rendered":"\n<p>A Makovecz-t\u00fara Mak\u00f3 belv\u00e1ros\u00e1ban, szakk\u00e9pzett vezet\u0151vel k\u00eds\u00e9rt v\u00e1rosismereti s\u00e9ta, mely a telep\u00fcl\u00e9s t\u00f6rt\u00e9net\u00e9nek megismertet\u00e9se mellett els\u0151sorban a Makovecz Imre, Kossuth-d\u00edjas \u00e9p\u00edt\u00e9sz \u00e9s tan\u00edtv\u00e1nyai \u00e1ltal tervezett \u00e9p\u00fcletek, k\u00f6zterek bemutat\u00e1s\u00e1t szolg\u00e1lja. A program gyalogosan, ker\u00e9kp\u00e1ron vagy lovaskocsival is v\u00e9gigj\u00e1rhat\u00f3. Koroszt\u00e1lyt\u00f3l f\u00fcggetlen\u00fcl, ak\u00e1r helyieknek is, de f\u0151k\u00e9nt a v\u00e1rosba l\u00e1togat\u00f3 turist\u00e1k sz\u00e1m\u00e1ra aj\u00e1nlott. A t\u00fara hi\u00e1nyp\u00f3tl\u00f3 jelleg\u0171, hiszen az idegenforgalom fellend\u00fcl\u00e9s\u00e9vel \u00e9s a n\u00f6vekv\u0151 vend\u00e9gforgalom k\u00f6vetkezt\u00e9ben egyre nagyobb az \u00e9rdekl\u0151d\u00e9s a szervezett, tematikus v\u00e1rosn\u00e9z\u0151 programok ir\u00e1nt. Egy\u00e9ni vend\u00e9gek \u00e9s csoportok k\u00f6r\u00e9ben is egyre n\u00e9pszer\u0171bb lehet\u0151s\u00e9g, hiszen \u00e9rdekes, figyelemfelkelt\u0151 el\u0151ad\u00e1s keret\u00e9ben nyerhetnek bepillant\u00e1st a v\u00e1ros \u00e9let\u00e9be, t\u00f6rt\u00e9nelm\u00e9be, \u00e9s ismerkedhetnek meg testk\u00f6zelb\u0151l az \u00e9p\u00edt\u00e9sz zseni alkot\u00e1saival. Mak\u00f3 a vil\u00e1gon egyed\u00fcl\u00e1ll\u00f3 helyzetben van, hiszen Makovecz Imr\u00e9nek a Hagymatikum F\u00fcrd\u0151 mellett, mely a Mester legjelent\u0151sebb magas\u00e9p\u00edt\u00e9szeti alkot\u00e1sa, tov\u00e1bbi 12 \u00e9p\u00fclete\/k\u00f6ztere tal\u00e1lhat\u00f3 a v\u00e1rosban, melyet 1-1 t\u00fara alkalm\u00e1val k\u00f6rbe j\u00e1rhatnak az \u00e9rdekl\u0151d\u0151k idegenvezet\u0151j\u00fck seg\u00edts\u00e9g\u00e9vel.<\/p>\n","protected":false},"excerpt":{"rendered":"<p>A Makovecz-t\u00fara Mak\u00f3 belv\u00e1ros\u00e1ban, szakk\u00e9pzett vezet\u0151vel k\u00eds\u00e9rt v\u00e1rosismereti s\u00e9ta, mely a telep\u00fcl\u00e9s t\u00f6rt\u00e9net\u00e9nek megismertet\u00e9se mellett els\u0151sorban a Makovecz Imre, Kossuth-d\u00edjas \u00e9p\u00edt\u00e9sz \u00e9s tan\u00edtv\u00e1nyai \u00e1ltal tervezett \u00e9p\u00fcletek, k\u00f6zterek bemutat\u00e1s\u00e1t szolg\u00e1lja. A program gyalogosan, ker\u00e9kp\u00e1ron vagy lovaskocsival is v\u00e9gigj\u00e1rhat\u00f3. Koroszt\u00e1lyt\u00f3l f\u00fcggetlen\u00fcl, ak\u00e1r helyieknek is, de f\u0151k\u00e9nt a v\u00e1rosba l\u00e1togat\u00f3 turist\u00e1k sz\u00e1m\u00e1ra aj\u00e1nlott. A t\u00fara hi\u00e1nyp\u00f3tl\u00f3 jelleg\u0171, hiszen [&#8230;]<\/p>\n<p><a class=\"btn btn-secondary understrap-read-more-link\" href=\"https:\/\/www.makoiertektar.hu\/?p=889185\">R\u00e9szletek<\/a><\/p>\n","protected":false},"author":1,"featured_media":889186,"comment_status":"open","ping_status":"open","sticky":false,"template":"","format":"standard","meta":{"ngg_post_thumbnail":0},"categories":[49,47],"tags":[],"_links":{"self":[{"href":"https:\/\/www.makoiertektar.hu\/index.php?rest_route=\/wp\/v2\/posts\/889185"}],"collection":[{"href":"https:\/\/www.makoiertektar.hu\/index.php?rest_route=\/wp\/v2\/posts"}],"about":[{"href":"https:\/\/www.makoiertektar.hu\/index.php?rest_route=\/wp\/v2\/types\/post"}],"author":[{"embeddable":true,"href":"https:\/\/www.makoiertektar.hu\/index.php?rest_route=\/wp\/v2\/users\/1"}],"replies":[{"embeddable":true,"href":"https:\/\/www.makoiertektar.hu\/index.php?rest_route=%2Fwp%2Fv2%2Fcomments&post=889185"}],"version-history":[{"count":1,"href":"https:\/\/www.makoiertektar.hu\/index.php?rest_route=\/wp\/v2\/posts\/889185\/revisions"}],"predecessor-version":[{"id":889187,"href":"https:\/\/www.makoiertektar.hu\/index.php?rest_route=\/wp\/v2\/posts\/889185\/revisions\/889187"}],"wp:featuredmedia":[{"embeddable":true,"href":"https:\/\/www.makoiertektar.hu\/index.php?rest_route=\/wp\/v2\/media\/889186"}],"wp:attachment":[{"href":"https:\/\/www.makoiertektar.hu\/index.php?rest_route=%2Fwp%2Fv2%2Fmedia&parent=889185"}],"wp:term":[{"taxonomy":"category","embeddable":true,"href":"https:\/\/www.makoiertektar.hu\/index.php?rest_route=%2Fwp%2Fv2%2Fcategories&post=889185"},{"taxonomy":"post_tag","embeddable":true,"href":"https:\/\/www.makoiertektar.hu\/index.php?rest_route=%2Fwp%2Fv2%2Ftags&post=889185"}],"curies":[{"name":"wp","href":"https:\/\/api.w.org\/{rel}","templated":true}]}}