{"id":889160,"date":"2022-01-11T09:20:22","date_gmt":"2022-01-11T09:20:22","guid":{"rendered":"https:\/\/www.makoiertektar.hu\/?p=889160"},"modified":"2022-03-24T15:33:20","modified_gmt":"2022-03-24T14:33:20","slug":"maros-folyo","status":"publish","type":"post","link":"https:\/\/www.makoiertektar.hu\/?p=889160","title":{"rendered":"Maros foly\u00f3"},"content":{"rendered":"\n<p>A Maros foly\u00f3 a Keleti-K\u00e1rp\u00e1tokban, a Gyergy\u00f3i-havasokban, Marosf\u0151 k\u00f6zel\u00e9ben ered \u00e9s Szegedn\u00e9l torkollik a Tisz\u00e1ba. Hat\u00e1rfoly\u00f3, \u00fan. \u201emozg\u00f3\u201d \u00e1llamhat\u00e1r Magyarorsz\u00e1g \u00e9s Rom\u00e1nia k\u00f6z\u00f6tt, Mak\u00f3 d\u00e9li hat\u00e1r\u00e1ban h\u00faz\u00f3dik v\u00e9gig. Viz\u00e9ben a hazai halfajok jelent\u0151s r\u00e9sze el\u0151fordul. A homoki k\u00fcll\u0151, a magyar \u00e9s a n\u00e9met buc\u00f3 mellett gyakori a v\u00e9dett k\u0151f\u00far\u00f3 cs\u00edk \u00e9s a selymes durbincs. A v\u00e9dett puhatest\u0171ek k\u00f6z\u00fcl a lapos tavikagyl\u00f3 \u00e9s a tompa folyamkagyl\u00f3 otthona. A v\u00edz f\u00f6l\u00f6tt nagy t\u00f6megben rajzik a tiszavir\u00e1g \u00e9s a dunavir\u00e1g. Elterjedt a s\u00e1rgal\u00e1b\u00fa folyami-szitak\u00f6t\u0151, a feketel\u00e1b\u00fa folyami[1]szitak\u00f6t\u0151, a rovartani ritkas\u00e1gok k\u00f6z\u00fcl eml\u00edt\u00e9sre m\u00e9lt\u00f3 a fen\u00e9kj\u00e1r\u00f3 poloska, a nagy karmosbog\u00e1r \u00e9s a n\u00e9gyp\u00fap\u00fa karmosbog\u00e1r. A foly\u00f3 hull\u00e1mtere \u00e9s szigetei sok helyen m\u00e9g vadreg\u00e9nyesek, term\u00e9szetes \u00e1llapotban fent tudtak maradni, gal\u00e9riaerdei \u00e9rt\u00e9kes n\u00f6v\u00e9ny- \u00e9s \u00e1llatvil\u00e1g\u00e1nak adnak otthont. A madarak k\u00f6z\u00fcl itt k\u00f6lt a r\u00e9tisas \u00e9s a b\u00e9k\u00e1sz\u00f3 sas. Jellegzetes v\u00e9dett \u00e1llatai a b\u00e1n\u00e1ti csiga \u00e9s az eur\u00f3pai nyelesszem\u0171-l\u00e9gy.<\/p>\n","protected":false},"excerpt":{"rendered":"<p>A Maros foly\u00f3 a Keleti-K\u00e1rp\u00e1tokban, a Gyergy\u00f3i-havasokban, Marosf\u0151 k\u00f6zel\u00e9ben ered \u00e9s Szegedn\u00e9l torkollik a Tisz\u00e1ba. Hat\u00e1rfoly\u00f3, \u00fan. \u201emozg\u00f3\u201d \u00e1llamhat\u00e1r Magyarorsz\u00e1g \u00e9s Rom\u00e1nia k\u00f6z\u00f6tt, Mak\u00f3 d\u00e9li hat\u00e1r\u00e1ban h\u00faz\u00f3dik v\u00e9gig. Viz\u00e9ben a hazai halfajok jelent\u0151s r\u00e9sze el\u0151fordul. A homoki k\u00fcll\u0151, a magyar \u00e9s a n\u00e9met buc\u00f3 mellett gyakori a v\u00e9dett k\u0151f\u00far\u00f3 cs\u00edk \u00e9s a selymes durbincs. A [&#8230;]<\/p>\n<p><a class=\"btn btn-secondary understrap-read-more-link\" href=\"https:\/\/www.makoiertektar.hu\/?p=889160\">R\u00e9szletek<\/a><\/p>\n","protected":false},"author":1,"featured_media":889162,"comment_status":"closed","ping_status":"closed","sticky":false,"template":"","format":"standard","meta":{"ngg_post_thumbnail":0},"categories":[49,45],"tags":[],"_links":{"self":[{"href":"https:\/\/www.makoiertektar.hu\/index.php?rest_route=\/wp\/v2\/posts\/889160"}],"collection":[{"href":"https:\/\/www.makoiertektar.hu\/index.php?rest_route=\/wp\/v2\/posts"}],"about":[{"href":"https:\/\/www.makoiertektar.hu\/index.php?rest_route=\/wp\/v2\/types\/post"}],"author":[{"embeddable":true,"href":"https:\/\/www.makoiertektar.hu\/index.php?rest_route=\/wp\/v2\/users\/1"}],"replies":[{"embeddable":true,"href":"https:\/\/www.makoiertektar.hu\/index.php?rest_route=%2Fwp%2Fv2%2Fcomments&post=889160"}],"version-history":[{"count":2,"href":"https:\/\/www.makoiertektar.hu\/index.php?rest_route=\/wp\/v2\/posts\/889160\/revisions"}],"predecessor-version":[{"id":889163,"href":"https:\/\/www.makoiertektar.hu\/index.php?rest_route=\/wp\/v2\/posts\/889160\/revisions\/889163"}],"wp:featuredmedia":[{"embeddable":true,"href":"https:\/\/www.makoiertektar.hu\/index.php?rest_route=\/wp\/v2\/media\/889162"}],"wp:attachment":[{"href":"https:\/\/www.makoiertektar.hu\/index.php?rest_route=%2Fwp%2Fv2%2Fmedia&parent=889160"}],"wp:term":[{"taxonomy":"category","embeddable":true,"href":"https:\/\/www.makoiertektar.hu\/index.php?rest_route=%2Fwp%2Fv2%2Fcategories&post=889160"},{"taxonomy":"post_tag","embeddable":true,"href":"https:\/\/www.makoiertektar.hu\/index.php?rest_route=%2Fwp%2Fv2%2Ftags&post=889160"}],"curies":[{"name":"wp","href":"https:\/\/api.w.org\/{rel}","templated":true}]}}