{"id":263,"date":"2021-12-29T18:24:00","date_gmt":"2021-12-29T18:24:00","guid":{"rendered":"https:\/\/www.makoiertektar.hu\/?p=263"},"modified":"2022-03-18T14:25:17","modified_gmt":"2022-03-18T14:25:17","slug":"kutmuzeum-makon","status":"publish","type":"post","link":"https:\/\/www.makoiertektar.hu\/?p=263","title":{"rendered":"K\u00fatm\u00fazeum Mak\u00f3n"},"content":{"rendered":"\n<p>A Mak\u00f3-T\u00e9rs\u00e9gi V\u00edzik\u00f6zm\u0171 Kft. szakmai hagyom\u00e1ny tiszteletb\u0151l \u00e9s a kultur\u00e1lis \u00f6r\u00f6ks\u00e9g meg\u00f3v\u00e1sa \u00e9rdek\u00e9ben a Tin\u00f3di u. 8\/a alatti k\u00f6zpontja parkj\u00e1ban m\u0171k\u00f6d\u00e9se k\u00f6zel 20 \u00e9ve sor\u00e1n folyamatos fejleszt\u00e9ssel k\u00fatm\u00fazeumot hozott l\u00e9tre. A 18 darabb\u00f3l \u00e1ll\u00f3 gy\u0171jtem\u00e9ny az els\u0151sorban a talajv\u00edzb\u0151l \u00e9s a r\u00e9tegv\u00edzb\u0151l t\u00f6rt\u00e9n\u0151 v\u00edzszerz\u00e9s, v\u00edzkiemel\u00e9s k\u00fcl\u00f6nb\u00f6z\u0151 technikai megold\u00e1sait \u00e9s eszk\u00f6zeit mutatja be. A k\u00fatm\u00fazeumot a Magyar \u00c9p\u00fcletg\u00e9p\u00e9szeti M\u00fazeum \u00e9s a Magyar M\u00e9rn\u00f6ki Kamara \u00c9p\u00fcletg\u00e9p\u00e9sz Tagozata is nyilv\u00e1ntart\u00e1sba vette. Az adom\u00e1nyoz\u00e1shoz Mak\u00f3 V\u00e1ros \u00d6nkorm\u00e1nyzata, mint tulajdonos hozz\u00e1j\u00e1rult. Az \u00e1tad\u00e1st a Mak\u00f3-T\u00e9rs\u00e9gi V\u00edzik\u00f6zm\u0171 Kft. taggy\u0171l\u00e9se 265\/2015. (I. 30.) sz\u00e1m\u00fa hat\u00e1rozat\u00e1val hagyta j\u00f3v\u00e1. A 2014 \u0151sz\u00e9n a m\u00fazeumba sz\u00e1ll\u00edtott kutak: g\u00e9mes hajt\u00f3\u00e1llv\u00e1ny\u00fa, karos szivatty\u00fa\u00e1llv\u00e1ny\u00fa, \u201esz\u00e9lkaz\u00e1nos\u201d g\u00e9mes hajt\u00f3\u00e1llv\u00e1ny\u00fa, magas sz\u00edv\u00f3-emel\u0151 szivatty\u00faj\u00fa, karos-sz\u00edv\u00f3-emel\u0151 szivatty\u00fa\u00e1llv\u00e1ny\u00faj\u00fa k\u00fcls\u0151 munkahengerrel, lendkerekes hajt\u00f3\u00e1llv\u00e1ny\u00fa \u00e9s l\u00e1ncos-kanalas kutak t\u00edpusaiba tartoznak.<\/p>\n","protected":false},"excerpt":{"rendered":"<p>A Mak\u00f3-T\u00e9rs\u00e9gi V\u00edzik\u00f6zm\u0171 Kft. szakmai hagyom\u00e1ny tiszteletb\u0151l \u00e9s a kultur\u00e1lis \u00f6r\u00f6ks\u00e9g meg\u00f3v\u00e1sa \u00e9rdek\u00e9ben a Tin\u00f3di u. 8\/a alatti k\u00f6zpontja parkj\u00e1ban m\u0171k\u00f6d\u00e9se k\u00f6zel 20 \u00e9ve sor\u00e1n folyamatos fejleszt\u00e9ssel k\u00fatm\u00fazeumot hozott l\u00e9tre. A 18 darabb\u00f3l \u00e1ll\u00f3 gy\u0171jtem\u00e9ny az els\u0151sorban a talajv\u00edzb\u0151l \u00e9s a r\u00e9tegv\u00edzb\u0151l t\u00f6rt\u00e9n\u0151 v\u00edzszerz\u00e9s, v\u00edzkiemel\u00e9s k\u00fcl\u00f6nb\u00f6z\u0151 technikai megold\u00e1sait \u00e9s eszk\u00f6zeit mutatja be. A k\u00fatm\u00fazeumot a [&#8230;]<\/p>\n<p><a class=\"btn btn-secondary understrap-read-more-link\" href=\"https:\/\/www.makoiertektar.hu\/?p=263\">R\u00e9szletek<\/a><\/p>\n","protected":false},"author":1,"featured_media":889278,"comment_status":"closed","ping_status":"closed","sticky":false,"template":"","format":"standard","meta":{"ngg_post_thumbnail":0},"categories":[39,49],"tags":[],"_links":{"self":[{"href":"https:\/\/www.makoiertektar.hu\/index.php?rest_route=\/wp\/v2\/posts\/263"}],"collection":[{"href":"https:\/\/www.makoiertektar.hu\/index.php?rest_route=\/wp\/v2\/posts"}],"about":[{"href":"https:\/\/www.makoiertektar.hu\/index.php?rest_route=\/wp\/v2\/types\/post"}],"author":[{"embeddable":true,"href":"https:\/\/www.makoiertektar.hu\/index.php?rest_route=\/wp\/v2\/users\/1"}],"replies":[{"embeddable":true,"href":"https:\/\/www.makoiertektar.hu\/index.php?rest_route=%2Fwp%2Fv2%2Fcomments&post=263"}],"version-history":[{"count":3,"href":"https:\/\/www.makoiertektar.hu\/index.php?rest_route=\/wp\/v2\/posts\/263\/revisions"}],"predecessor-version":[{"id":889279,"href":"https:\/\/www.makoiertektar.hu\/index.php?rest_route=\/wp\/v2\/posts\/263\/revisions\/889279"}],"wp:featuredmedia":[{"embeddable":true,"href":"https:\/\/www.makoiertektar.hu\/index.php?rest_route=\/wp\/v2\/media\/889278"}],"wp:attachment":[{"href":"https:\/\/www.makoiertektar.hu\/index.php?rest_route=%2Fwp%2Fv2%2Fmedia&parent=263"}],"wp:term":[{"taxonomy":"category","embeddable":true,"href":"https:\/\/www.makoiertektar.hu\/index.php?rest_route=%2Fwp%2Fv2%2Fcategories&post=263"},{"taxonomy":"post_tag","embeddable":true,"href":"https:\/\/www.makoiertektar.hu\/index.php?rest_route=%2Fwp%2Fv2%2Ftags&post=263"}],"curies":[{"name":"wp","href":"https:\/\/api.w.org\/{rel}","templated":true}]}}