{"id":243,"date":"2021-12-29T18:04:06","date_gmt":"2021-12-29T18:04:06","guid":{"rendered":"https:\/\/www.makoiertektar.hu\/?p=243"},"modified":"2022-01-18T09:17:05","modified_gmt":"2022-01-18T09:17:05","slug":"szent-istvan-szobor","status":"publish","type":"post","link":"https:\/\/www.makoiertektar.hu\/?p=243","title":{"rendered":"Szent Istv\u00e1n szobor"},"content":{"rendered":"\n<p>Szent Istv\u00e1n kir\u00e1ly mak\u00f3i lovas szobra Mak\u00f3 k\u00f6zpontj\u00e1ban, a Csan\u00e1d vez\u00e9r t\u00e9ren tal\u00e1lhat\u00f3. Alkot\u00f3i Kiss Jen\u0151 Ferenc \u00e9s Gy\u00f6rfi Lajos. A szobor az \u00e1llamalap\u00edt\u00e1s ezredik \u00e9vfordul\u00f3j\u00e1ra k\u00e9sz\u00fclt, s 2000. augusztus 20-\u00e1n avatt\u00e1k f\u00f6l. Az alkot\u00e1s nyers k\u0151t\u00f6mb\u00f6n \u00e1ll, amelybe oszlopot faragtak jelk\u00e9pezve az uralkod\u00f3 \u00e1llamalap\u00edt\u00e1si tev\u00e9kenys\u00e9g\u00e9t. Az \u00f6tnegyedes szobor maga bronzb\u00f3l k\u00e9sz\u00fclt. A kez\u00e9ben z\u00e1szl\u00f3s l\u00e1ndzs\u00e1t tart\u00f3 kir\u00e1ly alakja m\u00e9lt\u00f3s\u00e1gteljes, nyugodts\u00e1got sug\u00e1roz ellent\u00e9tben a dinamikus megjelen\u00e9s\u0171 l\u00f3val.<\/p>\n","protected":false},"excerpt":{"rendered":"<p>Szent Istv\u00e1n kir\u00e1ly mak\u00f3i lovas szobra Mak\u00f3 k\u00f6zpontj\u00e1ban, a Csan\u00e1d vez\u00e9r t\u00e9ren tal\u00e1lhat\u00f3. Alkot\u00f3i Kiss Jen\u0151 Ferenc \u00e9s Gy\u00f6rfi Lajos. A szobor az \u00e1llamalap\u00edt\u00e1s ezredik \u00e9vfordul\u00f3j\u00e1ra k\u00e9sz\u00fclt, s 2000. augusztus 20-\u00e1n avatt\u00e1k f\u00f6l. Az alkot\u00e1s nyers k\u0151t\u00f6mb\u00f6n \u00e1ll, amelybe oszlopot faragtak jelk\u00e9pezve az uralkod\u00f3 \u00e1llamalap\u00edt\u00e1si tev\u00e9kenys\u00e9g\u00e9t. Az \u00f6tnegyedes szobor maga bronzb\u00f3l k\u00e9sz\u00fclt. A kez\u00e9ben z\u00e1szl\u00f3s [&#8230;]<\/p>\n<p><a class=\"btn btn-secondary understrap-read-more-link\" href=\"https:\/\/www.makoiertektar.hu\/?p=243\">R\u00e9szletek<\/a><\/p>\n","protected":false},"author":1,"featured_media":889359,"comment_status":"closed","ping_status":"closed","sticky":false,"template":"","format":"standard","meta":{"ngg_post_thumbnail":0},"categories":[37,49],"tags":[],"_links":{"self":[{"href":"https:\/\/www.makoiertektar.hu\/index.php?rest_route=\/wp\/v2\/posts\/243"}],"collection":[{"href":"https:\/\/www.makoiertektar.hu\/index.php?rest_route=\/wp\/v2\/posts"}],"about":[{"href":"https:\/\/www.makoiertektar.hu\/index.php?rest_route=\/wp\/v2\/types\/post"}],"author":[{"embeddable":true,"href":"https:\/\/www.makoiertektar.hu\/index.php?rest_route=\/wp\/v2\/users\/1"}],"replies":[{"embeddable":true,"href":"https:\/\/www.makoiertektar.hu\/index.php?rest_route=%2Fwp%2Fv2%2Fcomments&post=243"}],"version-history":[{"count":3,"href":"https:\/\/www.makoiertektar.hu\/index.php?rest_route=\/wp\/v2\/posts\/243\/revisions"}],"predecessor-version":[{"id":889360,"href":"https:\/\/www.makoiertektar.hu\/index.php?rest_route=\/wp\/v2\/posts\/243\/revisions\/889360"}],"wp:featuredmedia":[{"embeddable":true,"href":"https:\/\/www.makoiertektar.hu\/index.php?rest_route=\/wp\/v2\/media\/889359"}],"wp:attachment":[{"href":"https:\/\/www.makoiertektar.hu\/index.php?rest_route=%2Fwp%2Fv2%2Fmedia&parent=243"}],"wp:term":[{"taxonomy":"category","embeddable":true,"href":"https:\/\/www.makoiertektar.hu\/index.php?rest_route=%2Fwp%2Fv2%2Fcategories&post=243"},{"taxonomy":"post_tag","embeddable":true,"href":"https:\/\/www.makoiertektar.hu\/index.php?rest_route=%2Fwp%2Fv2%2Ftags&post=243"}],"curies":[{"name":"wp","href":"https:\/\/api.w.org\/{rel}","templated":true}]}}