{"id":191,"date":"2021-12-29T12:53:21","date_gmt":"2021-12-29T12:53:21","guid":{"rendered":"https:\/\/www.makoiertektar.hu\/?p=191"},"modified":"2022-03-15T09:22:17","modified_gmt":"2022-03-15T09:22:17","slug":"kerekparral-biztonsagosan-es-egeszsegesen-makon","status":"publish","type":"post","link":"https:\/\/www.makoiertektar.hu\/?p=191","title":{"rendered":"Ker\u00e9kp\u00e1rral biztons\u00e1gosan \u00e9s eg\u00e9szs\u00e9gesen Mak\u00f3n"},"content":{"rendered":"\n<p>A D\u00e9l-alf\u00f6ldi s\u00edks\u00e1g szinte cs\u00e1b\u00edtja a ker\u00e9kp\u00e1roz\u00f3kat a nagyobb t\u00e1vols\u00e1gok megt\u00e9tel\u00e9re, a turisztikai desztin\u00e1ci\u00f3k biztons\u00e1gos \u00e9s k\u00e9nyelmes megk\u00f6zel\u00edt\u00e9s\u00e9re. Mak\u00f3n a helyi k\u00f6zleked\u00e9s egyik saj\u00e1tos form\u00e1ja a ker\u00e9kp\u00e1roz\u00e1s. Erre az ig\u00e9nyre reag\u00e1lva Mak\u00f3 V\u00e1ros \u00d6nkorm\u00e1nyzata t\u00f6bbk\u00f6r\u00f6s b\u0151v\u00edt\u00e9ssel az eg\u00e9sz v\u00e1rost \u00e1tsz\u00f6v\u0151 ker\u00e9kp\u00e1r\u00fat-h\u00e1l\u00f3zatot \u00e9p\u00edtett ki. \u00cdgy a v\u00e1ros szinte minden pontj\u00e1ra \u00e9s a k\u00f6rnyez\u0151 telep\u00fcl\u00e9sekre is el lehet jutni k\u00e9tker\u00e9ken. A ker\u00e9kp\u00e1r, mint k\u00f6zleked\u00e9si eszk\u00f6z fontos az itt \u00e9l\u0151knek, emellett j\u00f3t\u00e9kony hat\u00e1ssal van a ker\u00e9kp\u00e1roz\u00e1s, mint mozg\u00e1s a lakoss\u00e1g eg\u00e9szs\u00e9g\u00e9re. K\u00e9zenfekv\u0151 a sportos \u00e9letm\u00f3d kialak\u00edt\u00e1sa gyerekek \u00e9s a feln\u0151ttek sz\u00e1m\u00e1ra is. A v\u00e1rosban egyre n\u00e9pszer\u0171bb a turist\u00e1k k\u00f6z\u00f6tt a l\u00e1tnival\u00f3k megtekint\u00e9se ker\u00e9kp\u00e1rral, sz\u00edvesen tekernek ki a k\u00f6zeli Maros-partra, \u00e9s veszik ig\u00e9nybe az ott el\u00e9rhet\u0151 turisztikai szolg\u00e1ltat\u00e1sokat. Kev\u00e9s v\u00e1ros dicsekedhet olyan egybef\u00fcgg\u0151 ker\u00e9kp\u00e1r\u00fat-h\u00e1l\u00f3zattal, k\u00e9nyelmes ker\u00e9kp\u00e1rt\u00e1rol\u00f3kkal, inform\u00e1ci\u00f3s pontokkal, mint Mak\u00f3.<\/p>\n","protected":false},"excerpt":{"rendered":"<p>A D\u00e9l-alf\u00f6ldi s\u00edks\u00e1g szinte cs\u00e1b\u00edtja a ker\u00e9kp\u00e1roz\u00f3kat a nagyobb t\u00e1vols\u00e1gok megt\u00e9tel\u00e9re, a turisztikai desztin\u00e1ci\u00f3k biztons\u00e1gos \u00e9s k\u00e9nyelmes megk\u00f6zel\u00edt\u00e9s\u00e9re. Mak\u00f3n a helyi k\u00f6zleked\u00e9s egyik saj\u00e1tos form\u00e1ja a ker\u00e9kp\u00e1roz\u00e1s. Erre az ig\u00e9nyre reag\u00e1lva Mak\u00f3 V\u00e1ros \u00d6nkorm\u00e1nyzata t\u00f6bbk\u00f6r\u00f6s b\u0151v\u00edt\u00e9ssel az eg\u00e9sz v\u00e1rost \u00e1tsz\u00f6v\u0151 ker\u00e9kp\u00e1r\u00fat-h\u00e1l\u00f3zatot \u00e9p\u00edtett ki. \u00cdgy a v\u00e1ros szinte minden pontj\u00e1ra \u00e9s a k\u00f6rnyez\u0151 telep\u00fcl\u00e9sekre is el [&#8230;]<\/p>\n<p><a class=\"btn btn-secondary understrap-read-more-link\" href=\"https:\/\/www.makoiertektar.hu\/?p=191\">R\u00e9szletek<\/a><\/p>\n","protected":false},"author":1,"featured_media":889257,"comment_status":"closed","ping_status":"closed","sticky":false,"template":"","format":"standard","meta":{"ngg_post_thumbnail":0},"categories":[35,49],"tags":[],"_links":{"self":[{"href":"https:\/\/www.makoiertektar.hu\/index.php?rest_route=\/wp\/v2\/posts\/191"}],"collection":[{"href":"https:\/\/www.makoiertektar.hu\/index.php?rest_route=\/wp\/v2\/posts"}],"about":[{"href":"https:\/\/www.makoiertektar.hu\/index.php?rest_route=\/wp\/v2\/types\/post"}],"author":[{"embeddable":true,"href":"https:\/\/www.makoiertektar.hu\/index.php?rest_route=\/wp\/v2\/users\/1"}],"replies":[{"embeddable":true,"href":"https:\/\/www.makoiertektar.hu\/index.php?rest_route=%2Fwp%2Fv2%2Fcomments&post=191"}],"version-history":[{"count":3,"href":"https:\/\/www.makoiertektar.hu\/index.php?rest_route=\/wp\/v2\/posts\/191\/revisions"}],"predecessor-version":[{"id":889258,"href":"https:\/\/www.makoiertektar.hu\/index.php?rest_route=\/wp\/v2\/posts\/191\/revisions\/889258"}],"wp:featuredmedia":[{"embeddable":true,"href":"https:\/\/www.makoiertektar.hu\/index.php?rest_route=\/wp\/v2\/media\/889257"}],"wp:attachment":[{"href":"https:\/\/www.makoiertektar.hu\/index.php?rest_route=%2Fwp%2Fv2%2Fmedia&parent=191"}],"wp:term":[{"taxonomy":"category","embeddable":true,"href":"https:\/\/www.makoiertektar.hu\/index.php?rest_route=%2Fwp%2Fv2%2Fcategories&post=191"},{"taxonomy":"post_tag","embeddable":true,"href":"https:\/\/www.makoiertektar.hu\/index.php?rest_route=%2Fwp%2Fv2%2Ftags&post=191"}],"curies":[{"name":"wp","href":"https:\/\/api.w.org\/{rel}","templated":true}]}}