{"id":179,"date":"2021-12-29T12:25:30","date_gmt":"2021-12-29T12:25:30","guid":{"rendered":"https:\/\/www.makoiertektar.hu\/?p=179"},"modified":"2022-03-15T09:00:39","modified_gmt":"2022-03-15T09:00:39","slug":"makoi-talicska","status":"publish","type":"post","link":"https:\/\/www.makoiertektar.hu\/?p=179","title":{"rendered":"Mak\u00f3i talicska"},"content":{"rendered":"\n<p>M\u00e1r az 1854. \u00e9vi orsz\u00e1gle\u00edr\u00e1s szerint \u201ea k\u00f6zn\u00e9p Mak\u00f3n mindent talicsk\u00e1ba rak, \u2026 m\u00e9g a vizes kant\u00e1kat is a Marosn\u00e1l abba rakj\u00e1k.\u201d D\u00e9ry Tibor Felelet c\u00edm\u0171 reg\u00e9ny\u00e9ben azt \u00edrja Mak\u00f3r\u00f3l, hogy \u201eott eleven ember \u00fagy nem l\u00e9p ki a h\u00e1zb\u00f3l, hogy mag\u00e1val ne vigye talicsk\u00e1j\u00e1t, mert Mak\u00f3n a talicska az, mint pesti f\u00e9rfinek az aktat\u00e1ska, n\u0151nek a retik\u00fcl.\u201d Nem sarogly\u00e1s, hanem l\u00e1d\u00e1s talicska alakult ki, ebbe tett\u00e9k a vizes kan[1]t\u00e1kat, evvel j\u00e1rtak a piacra, a malomba, a sz\u0151l\u0151be. Babakocsik\u00e9nt is ezt haszn\u00e1lt\u00e1k. A j\u00e1rd\u00e1kat az\u00e9rt kezdt\u00e9k aszfaltozni, mert j\u00f3l gurul rajta a talicska. A hagymatermel\u0151knek nem l\u00e9v\u00e9n kocsijuk, lovuk, ez volt a teherhord\u00f3 eszk\u00f6z\u00fck, \u00edgy v\u00e1lt a belterjes gazd\u00e1lkod\u00e1s els\u0151 fecsk\u00e9j\u00e9v\u00e9 (Erdei Ferenc). A k\u00e9t vil\u00e1gh\u00e1bor\u00fa k\u00f6z\u00f6tt m\u00e9g annyi volt bel\u0151l\u00fck, mint ma a ker\u00e9kp\u00e1rb\u00f3l. H\u00edres talicskak\u00e9sz\u00edt\u0151 iparoscsal\u00e1d volt Mak\u00f3n a Majsay csal\u00e1d.<\/p>\n","protected":false},"excerpt":{"rendered":"<p>M\u00e1r az 1854. \u00e9vi orsz\u00e1gle\u00edr\u00e1s szerint \u201ea k\u00f6zn\u00e9p Mak\u00f3n mindent talicsk\u00e1ba rak, \u2026 m\u00e9g a vizes kant\u00e1kat is a Marosn\u00e1l abba rakj\u00e1k.\u201d D\u00e9ry Tibor Felelet c\u00edm\u0171 reg\u00e9ny\u00e9ben azt \u00edrja Mak\u00f3r\u00f3l, hogy \u201eott eleven ember \u00fagy nem l\u00e9p ki a h\u00e1zb\u00f3l, hogy mag\u00e1val ne vigye talicsk\u00e1j\u00e1t, mert Mak\u00f3n a talicska az, mint pesti f\u00e9rfinek az aktat\u00e1ska, [&#8230;]<\/p>\n<p><a class=\"btn btn-secondary understrap-read-more-link\" href=\"https:\/\/www.makoiertektar.hu\/?p=179\">R\u00e9szletek<\/a><\/p>\n","protected":false},"author":1,"featured_media":889245,"comment_status":"closed","ping_status":"closed","sticky":false,"template":"","format":"standard","meta":{"ngg_post_thumbnail":0},"categories":[33,49],"tags":[],"_links":{"self":[{"href":"https:\/\/www.makoiertektar.hu\/index.php?rest_route=\/wp\/v2\/posts\/179"}],"collection":[{"href":"https:\/\/www.makoiertektar.hu\/index.php?rest_route=\/wp\/v2\/posts"}],"about":[{"href":"https:\/\/www.makoiertektar.hu\/index.php?rest_route=\/wp\/v2\/types\/post"}],"author":[{"embeddable":true,"href":"https:\/\/www.makoiertektar.hu\/index.php?rest_route=\/wp\/v2\/users\/1"}],"replies":[{"embeddable":true,"href":"https:\/\/www.makoiertektar.hu\/index.php?rest_route=%2Fwp%2Fv2%2Fcomments&post=179"}],"version-history":[{"count":3,"href":"https:\/\/www.makoiertektar.hu\/index.php?rest_route=\/wp\/v2\/posts\/179\/revisions"}],"predecessor-version":[{"id":889246,"href":"https:\/\/www.makoiertektar.hu\/index.php?rest_route=\/wp\/v2\/posts\/179\/revisions\/889246"}],"wp:featuredmedia":[{"embeddable":true,"href":"https:\/\/www.makoiertektar.hu\/index.php?rest_route=\/wp\/v2\/media\/889245"}],"wp:attachment":[{"href":"https:\/\/www.makoiertektar.hu\/index.php?rest_route=%2Fwp%2Fv2%2Fmedia&parent=179"}],"wp:term":[{"taxonomy":"category","embeddable":true,"href":"https:\/\/www.makoiertektar.hu\/index.php?rest_route=%2Fwp%2Fv2%2Fcategories&post=179"},{"taxonomy":"post_tag","embeddable":true,"href":"https:\/\/www.makoiertektar.hu\/index.php?rest_route=%2Fwp%2Fv2%2Ftags&post=179"}],"curies":[{"name":"wp","href":"https:\/\/api.w.org\/{rel}","templated":true}]}}